{"id":48593,"date":"2019-07-29T10:29:19","date_gmt":"2019-07-29T13:29:19","guid":{"rendered":"https:\/\/www.actualidadadiario.com\/?p=48593"},"modified":"2019-07-29T10:29:19","modified_gmt":"2019-07-29T13:29:19","slug":"otro-gesto-verde-oliva-macri-pide-reparacion-a-victimas-de-la-guerrilla","status":"publish","type":"post","link":"https:\/\/www.actualidadadiario.com\/index.php\/2019\/07\/29\/otro-gesto-verde-oliva-macri-pide-reparacion-a-victimas-de-la-guerrilla\/","title":{"rendered":"Otro gesto verde oliva: Macri pide reparaci\u00f3n a v\u00edctimas de la &#8220;guerrilla&#8221;"},"content":{"rendered":"\n<p><strong><em>Lo confirm\u00f3 el secretario de Derechos Humanos, Claudio Avruj. Ser\u00eda para familiares de conscriptos ca\u00eddos en ataques de Montoneros. Ya hay proyecto y cuenta con aval presidencial<\/em><\/strong><\/p>\n\n\n\n<p><\/p>\n\n\n\n<p><\/p>\n\n\n\n<p>Tras transformar el desfile del D\u00eda de la Independencia en\nuna fiesta militar y luego de anunciar la creaci\u00f3n de un Servicio C\u00edvico\nVoluntario en Valores para j\u00f3venes de entre 16 y 20 a\u00f1os, dictado por\ngendarmes, el Poder Ejecutivo reforz\u00f3 sus gestos hacia los sectores\nconservadores y vinculados a las fuerzas armadas y de seguridad con el renovado\nimpulso a un proyecto para que los familiares de v\u00edctimas &#8220;de la\nguerrilla&#8221; reciban un resarcimiento estatal.<\/p>\n\n\n\n<p>El plan, confirmado a Clar\u00edn por el secretario de Derechos\nHumanos, Claudio Avruj, cuenta con el aval del presidente Mauricio Macri, seg\u00fan\nlo anunci\u00f3 el mismo funcionario.<\/p>\n\n\n\n<p>&#8220;El reclamo de los familiares de v\u00edctimas de la\nguerrilla tambi\u00e9n es leg\u00edtimo&#8221;, es la textual que lleva como t\u00edtulo la\nentrevista que Avruj brind\u00f3 a Clar\u00edn.<\/p>\n\n\n\n<p>&#8220;Yo creo que es leg\u00edtimo el reclamo de que aquellos que\nmurieron defendiendo la Patria, la institucionalidad, estando bajo el r\u00e9gimen\nde la ley obligatoria del servicio militar, deb\u00edan recibir una reparaci\u00f3n del\nEstado. Y es leg\u00edtimo, m\u00e1s aun, cuando se confronta que los que recibieron\nsumas cuantiosas son aquellos que no por un ideal de respeto a los derechos\nhumanos, se levantaron contra el orden constitucional, porque era el gobierno\nde Isabel Per\u00f3n. No fue durante la dictadura militar, fue en democracia y fue\ncontra el orden constitucional&#8221;, respondi\u00f3 Avruj.<\/p>\n\n\n\n<p>&#8220;Estamos trabajando ahora para que haya una ley\nreparatoria&#8221;, adelant\u00f3 el funcionario. &#8220;Hay un proyecto del diputado\n(de la UCR, Mario) Arce, que venimos impulsando desde el a\u00f1o pasado, que\nnosotros como Secretar\u00eda de Derechos Humanos dimos el aval, a su vez con el\naval del presidente Mauricio Macri, y se est\u00e1 trabajando para consensuarlo, y\nesperamos tenerlo cuanto antes&#8221;, aclar\u00f3.<\/p>\n","protected":false},"excerpt":{"rendered":"<p>Lo confirm\u00f3 el secretario de Derechos Humanos, Claudio Avruj. Ser\u00eda para familiares de conscriptos ca\u00eddos en ataques de Montoneros. Ya hay proyecto y cuenta con aval presidencial Tras transformar el desfile del D\u00eda de la Independencia en una fiesta militar y luego de anunciar la creaci\u00f3n de un Servicio C\u00edvico Voluntario en Valores para j\u00f3venes de entre 16 y 20 a\u00f1os, dictado por gendarmes, el Poder Ejecutivo reforz\u00f3 sus gestos hacia los sectores conservadores y vinculados a las fuerzas armadas y de seguridad con el renovado impulso a un proyecto&#8230;<\/p>\n","protected":false},"author":3,"featured_media":48594,"comment_status":"closed","ping_status":"closed","sticky":false,"template":"","format":"standard","meta":[],"categories":[18],"tags":[],"_links":{"self":[{"href":"https:\/\/www.actualidadadiario.com\/index.php\/wp-json\/wp\/v2\/posts\/48593"}],"collection":[{"href":"https:\/\/www.actualidadadiario.com\/index.php\/wp-json\/wp\/v2\/posts"}],"about":[{"href":"https:\/\/www.actualidadadiario.com\/index.php\/wp-json\/wp\/v2\/types\/post"}],"author":[{"embeddable":true,"href":"https:\/\/www.actualidadadiario.com\/index.php\/wp-json\/wp\/v2\/users\/3"}],"replies":[{"embeddable":true,"href":"https:\/\/www.actualidadadiario.com\/index.php\/wp-json\/wp\/v2\/comments?post=48593"}],"version-history":[{"count":1,"href":"https:\/\/www.actualidadadiario.com\/index.php\/wp-json\/wp\/v2\/posts\/48593\/revisions"}],"predecessor-version":[{"id":48595,"href":"https:\/\/www.actualidadadiario.com\/index.php\/wp-json\/wp\/v2\/posts\/48593\/revisions\/48595"}],"wp:featuredmedia":[{"embeddable":true,"href":"https:\/\/www.actualidadadiario.com\/index.php\/wp-json\/wp\/v2\/media\/48594"}],"wp:attachment":[{"href":"https:\/\/www.actualidadadiario.com\/index.php\/wp-json\/wp\/v2\/media?parent=48593"}],"wp:term":[{"taxonomy":"category","embeddable":true,"href":"https:\/\/www.actualidadadiario.com\/index.php\/wp-json\/wp\/v2\/categories?post=48593"},{"taxonomy":"post_tag","embeddable":true,"href":"https:\/\/www.actualidadadiario.com\/index.php\/wp-json\/wp\/v2\/tags?post=48593"}],"curies":[{"name":"wp","href":"https:\/\/api.w.org\/{rel}","templated":true}]}}