{"id":48588,"date":"2019-07-29T10:27:55","date_gmt":"2019-07-29T13:27:55","guid":{"rendered":"https:\/\/www.actualidadadiario.com\/?p=48588"},"modified":"2019-07-29T10:27:55","modified_gmt":"2019-07-29T13:27:55","slug":"gobernadores-en-pie-de-guerra-por-las-deudas-de-anses-con-las-cajas-previsionales","status":"publish","type":"post","link":"https:\/\/www.actualidadadiario.com\/index.php\/2019\/07\/29\/gobernadores-en-pie-de-guerra-por-las-deudas-de-anses-con-las-cajas-previsionales\/","title":{"rendered":"Gobernadores en pie de guerra por las deudas de AnSeS con las cajas previsionales"},"content":{"rendered":"\n<p><strong><em>En un contexto de ca\u00edda de recursos crece el nerviosismo de las provincias que mantienen sus cajas jubilatorias para que la Naci\u00f3n salde la deuda de 2018. Nuevo frente judicial para la Casa Rosada<\/em><\/strong><\/p>\n\n\n\n<p><\/p>\n\n\n\n<p><\/p>\n\n\n\n<p>Quiz\u00e1s no fue el momento m\u00e1s adecuado, pero era el momento\npara hacerlo. El gobernador de C\u00f3rdoba, Juan Schiaretti, aprovech\u00f3 la cena con\nel presidente Mauricio Macri para reclamarle la deuda que tiene la AnSeS con la\ncaja previsional de la provincia. <\/p>\n\n\n\n<p>&#8220;Las normas nacionales fijan la responsabilidad de la\nAnses de transferir lo que le costar\u00eda si absorb\u00edan las cajas provinciales, a\npartir de eso paga un adelanto y se simula el saldo. En este esquema qued\u00f3\npendiente el saldo de 2018 y la provincia aport\u00f3 todos los datos que nos\npidieron para hacer la simulaci\u00f3n. Nosotros adelantamos un c\u00e1lculo utilizando\nla metodolog\u00eda que estableci\u00f3 Anses y nos dio una deuda de $ 2300 millones que\nes la que est\u00e1 sujeta a verificaci\u00f3n por la AnSeS y que esperamos tener\ncertidumbre y de pago y de qu\u00e9 forma lo van a hacer&#8221;, se\u00f1al\u00f3 el ministro\nde Econom\u00eda de C\u00f3rdoba, Osvaldo Giordano. <\/p>\n\n\n\n<p>El &#8220;gringo&#8221; Schiaretti aprovech\u00f3 la buena relaci\u00f3n\ncon Macri para reclamarle que se aceleren los pagos necesarios en este contexto\nde baja de recaudaci\u00f3n en donde la provincia asegura que en el \u00faltimo a\u00f1o\nperdi\u00f3 un mes de recaudaci\u00f3n por la crisis. <\/p>\n\n\n\n<p>Pero C\u00f3rdoba no es la \u00fanica provincia que tiene reclamos.\nAll\u00e1 lejos qued\u00f3 la idea de Macri de &#8220;desterrar&#8221; la &#8220;cajita\nfeliz&#8221; de los gobernadores como le dec\u00edan en su momento y hay otras\nprovincias reclamando deudas.<\/p>\n\n\n\n<p>En ese esquema tambi\u00e9n se encuentra Santa Fe en donde la\ndeuda del es a\u00fan mayor y alcanza los $ 4500 millones. &#8220;Siempre nos piden\nun dato nuevo&#8221;, se\u00f1alaron desde la administraci\u00f3n de Miguel Lifschitz. <\/p>\n\n\n\n<p>Estas dos son las de las deudas m\u00e1s abultadas, pero tambi\u00e9n\nest\u00e1n en una situaci\u00f3n similar Chaco, Chubut, Corrientes, Entre R\u00edos, Formosa,\nLa Pampa, Misiones, Neuqu\u00e9n, Santa Cruz y Tierra del Fuego. En total los\nreclamos ascienden a una cifra cercana a los 10.000 millones de pesos. <\/p>\n\n\n\n<p>Pero la deuda no es el \u00fanico problema que enfrentan los\ndistritos. Adem\u00e1s que si se hiciera todo en tiempo y forma cobrar\u00edan despu\u00e9s de\nhaber pagado, ahora se le suma que la ca\u00edda en la recaudaci\u00f3n est\u00e1 secando las\narcas provinciales. <\/p>\n\n\n\n<p>&#8220;La situaci\u00f3n se vuelve dif\u00edcil de cumplir con los\npagos en este escenario&#8221;, se\u00f1al\u00f3 un ministro provincial. &#8220;Mira lo de\nArcioni&#8221;, agreg\u00f3. El gobernador de Chubut est\u00e1 pagando salarios de manera\nescalonada y la semana pasada le pidi\u00f3 &#8220;disculpas a cada uno de los\njubilados&#8221; por esto. <\/p>\n\n\n\n<p>Mientras unos piden disculpas a sus jubilados y otros\naprovechan cenas \u00edntimas para destrabar los pagos, hay un grupo que empez\u00f3 a\nmirar los tribunales. <\/p>\n\n\n\n<p>Ese es el caso de Chaco, en donde la Naci\u00f3n asegura que no\nle debe nada a la provincia porque las cuentas son &#8220;superavitarias&#8221;.\nFrente a la consulta, desde el entorno de Peppo respondieron que seg\u00fan los\nc\u00e1lculos de la Naci\u00f3n &#8220;el sistema chaque\u00f1o es superavitario, es decir,\nsolamente nos deber\u00edan algo si no pagamos nada. Esto no es real,\nlamentablemente se va judicializar&#8221; <\/p>\n\n\n\n<p><strong>DNU y Consenso <\/strong><\/p>\n\n\n\n<p>Nunca le gustaron las cajas previsionales y con el Consenso\nFiscal que plantaba que aquel que no lo firmaba o lo incumpl\u00eda suspend\u00eda giros\npens\u00f3 que hab\u00eda encontrado la herramienta justa. Hasta hab\u00eda dado una se\u00f1al\nfrenando fondos par Chubut. Pero todo eso estar\u00eda a punto de flaquear. <\/p>\n\n\n\n<p>La Pampa fue una provincia opositora a la administraci\u00f3n\nCambiemos desde el primer d\u00eda y con el Consenso Fiscal lo dej\u00f3 en claro. Su\ngobernador, Carlos Verna, lo firm\u00f3 pero nunca lo mand\u00f3 a la Legislatura por lo\nque nunca lo ratific\u00f3 y qued\u00f3 junto a San Luis como los \u00fanicos dos distritos\nque no adhirieron. <\/p>\n\n\n\n<p>La Pampa le reclama a la AnSeS $ 726 millones de 2017 y,\naunque las partes est\u00e1n cerca de resolverlo, como no firm\u00f3 el Consenso no logra\ncobrar la deuda. Sin embargo, seg\u00fan public\u00f3 la agencia de noticias provincial,\nla Casa Rosada estar\u00eda dispuesta a dejarlo pasar y ya tiene listo un decreto\nque estar\u00eda recorriendo todos los canales legales y que ser\u00eda publicado en\nagosto, que no exigir\u00eda a ninguna provincia la firma y cumplimiento del\nConsenso Fiscal y, de esa manera, habilitar\u00eda a la provincia a cobrar.<\/p>\n","protected":false},"excerpt":{"rendered":"<p>En un contexto de ca\u00edda de recursos crece el nerviosismo de las provincias que mantienen sus cajas jubilatorias para que la Naci\u00f3n salde la deuda de 2018. Nuevo frente judicial para la Casa Rosada Quiz\u00e1s no fue el momento m\u00e1s adecuado, pero era el momento para hacerlo. El gobernador de C\u00f3rdoba, Juan Schiaretti, aprovech\u00f3 la cena con el presidente Mauricio Macri para reclamarle la deuda que tiene la AnSeS con la caja previsional de la provincia. &#8220;Las normas nacionales fijan la responsabilidad de la Anses de transferir lo que le&#8230;<\/p>\n","protected":false},"author":3,"featured_media":41727,"comment_status":"closed","ping_status":"closed","sticky":false,"template":"","format":"standard","meta":[],"categories":[18],"tags":[],"_links":{"self":[{"href":"https:\/\/www.actualidadadiario.com\/index.php\/wp-json\/wp\/v2\/posts\/48588"}],"collection":[{"href":"https:\/\/www.actualidadadiario.com\/index.php\/wp-json\/wp\/v2\/posts"}],"about":[{"href":"https:\/\/www.actualidadadiario.com\/index.php\/wp-json\/wp\/v2\/types\/post"}],"author":[{"embeddable":true,"href":"https:\/\/www.actualidadadiario.com\/index.php\/wp-json\/wp\/v2\/users\/3"}],"replies":[{"embeddable":true,"href":"https:\/\/www.actualidadadiario.com\/index.php\/wp-json\/wp\/v2\/comments?post=48588"}],"version-history":[{"count":1,"href":"https:\/\/www.actualidadadiario.com\/index.php\/wp-json\/wp\/v2\/posts\/48588\/revisions"}],"predecessor-version":[{"id":48589,"href":"https:\/\/www.actualidadadiario.com\/index.php\/wp-json\/wp\/v2\/posts\/48588\/revisions\/48589"}],"wp:featuredmedia":[{"embeddable":true,"href":"https:\/\/www.actualidadadiario.com\/index.php\/wp-json\/wp\/v2\/media\/41727"}],"wp:attachment":[{"href":"https:\/\/www.actualidadadiario.com\/index.php\/wp-json\/wp\/v2\/media?parent=48588"}],"wp:term":[{"taxonomy":"category","embeddable":true,"href":"https:\/\/www.actualidadadiario.com\/index.php\/wp-json\/wp\/v2\/categories?post=48588"},{"taxonomy":"post_tag","embeddable":true,"href":"https:\/\/www.actualidadadiario.com\/index.php\/wp-json\/wp\/v2\/tags?post=48588"}],"curies":[{"name":"wp","href":"https:\/\/api.w.org\/{rel}","templated":true}]}}