{"id":48585,"date":"2019-07-29T10:27:12","date_gmt":"2019-07-29T13:27:12","guid":{"rendered":"https:\/\/www.actualidadadiario.com\/?p=48585"},"modified":"2019-07-29T10:27:12","modified_gmt":"2019-07-29T13:27:12","slug":"abrieron-inscripciones-para-el-servicio-civico-voluntario-en-valores","status":"publish","type":"post","link":"https:\/\/www.actualidadadiario.com\/index.php\/2019\/07\/29\/abrieron-inscripciones-para-el-servicio-civico-voluntario-en-valores\/","title":{"rendered":"Abrieron inscripciones para el Servicio C\u00edvico Voluntario en Valores"},"content":{"rendered":"\n<p><strong><em>El Gobierno Nacional lo confirm\u00f3 este domingo<\/em><\/strong><\/p>\n\n\n\n<p><\/p>\n\n\n\n<p><\/p>\n\n\n\n<p>El Ministerio de Seguridad de la Naci\u00f3n inform\u00f3 este domingo\nque ya se encuentran abiertas las inscripciones online para los j\u00f3venes de\nentre 16 y 20 a\u00f1os de edad, interesados en participar del Servicio C\u00edvico\nVoluntario en Valores. La primera etapa del programa incluir\u00e1 a 1200\nvoluntarios y se extender\u00e1 hasta el mes de diciembre.<\/p>\n\n\n\n<p>La cartera que lidera la ministra Patricia Bullrich, hab\u00eda\nrealizado el anuncio oficial de creaci\u00f3n del programa de Servicio C\u00edvico\nVoluntario en Valores el pasado 16 de julio. All\u00ed la pol\u00e9mica se hab\u00eda desatado\ncon fuertes cr\u00edticas desde la oposici\u00f3n al Gobierno de Mauricio Macri,\nse\u00f1alando especialmente que una fuerza federal \u201ccapacite en valores\u201d.<\/p>\n\n\n\n<p>Igualmente, el Servicio C\u00edvico Voluntario en Valores se\nencuentra en marcha y en ese marco se dio apertura oficial a las inscripciones\npara una primera etapa, que finalizar\u00e1 en el mes de diciembre, seg\u00fan contempla\nla aplicaci\u00f3n en curso. El tr\u00e1mite se encuentra disponible a trav\u00e9s de la\np\u00e1gina web https:\/\/www.argentina.gob.ar\/servicio-civico-voluntario-en-valores<\/p>\n\n\n\n<p>Seg\u00fan dio a conocer el Gobierno Nacional, el Servicio C\u00edvico\nVoluntario en Valores busca convertirse en un espacio de cohesi\u00f3n e integraci\u00f3n\nsocial, cuyos detalles constan en la Resoluci\u00f3n 598\/19 publicada en el Bolet\u00edn\nOficial d\u00edas pasado. La implementaci\u00f3n de este programa estar\u00e1 a cargo del\nministerio de Seguridad de la Naci\u00f3n.<\/p>\n\n\n\n<p>En tanto, ser\u00e1 la Gendarmer\u00eda Nacional Argentina la\nresponsable del desarrollo del programa destinado a j\u00f3venes en situaci\u00f3n de\nvulnerabilidad y contar\u00e1 con la participaci\u00f3n del Instituto Nacional de\nEducaci\u00f3n Tecnol\u00f3gica (INET) dependiente del Ministerio de Educaci\u00f3n, Cultura,\nCiencia y Tecnolog\u00eda de la Naci\u00f3n.<\/p>\n\n\n\n<p>Seg\u00fan detalla el Gobierno, El Servicio C\u00edvico busca brindar\noportunidades de formaci\u00f3n a los j\u00f3venes a trav\u00e9s de los valores democr\u00e1ticos y\nrepublicanos, adem\u00e1s del fomento del compromiso personal y para con la\ncomunidad, h\u00e1bitos responsables, est\u00edmulo a la finalizaci\u00f3n del ciclo educativo\nobligatorio y la promoci\u00f3n del desarrollo de habilidades para el trabajo, culturales,\nde oficios y deportes.<\/p>\n\n\n\n<p>En ese sentido, se realizar\u00e1 a trav\u00e9s de un ciclo de\ntalleres para j\u00f3venes de 16 a 20 a\u00f1os, que tendr\u00e1n ocurrencia una vez a la\nsemana, en principio en algunas de las provincias argentinas. Entre los\nobjetivos, se encuentran la inclusi\u00f3n, el acompa\u00f1amiento y la igualdad de\noportunidades, en el marco de la Ley de Protecci\u00f3n Integral de los Derechos de\nlas Ni\u00f1as, Ni\u00f1os y Adolescentes.<\/p>\n\n\n\n<p>Los requisitos para las inscripciones incluyen tener entre\n16 y 20 a\u00f1os de edad cumplidos, sin obligatoriedad de escolaridad y completar\nel formulario de inscripci\u00f3n de manera digital o en forma presencial en algunas\nde las sedes que se habilitar\u00e1n en lo inmediato para tal fin.<\/p>\n","protected":false},"excerpt":{"rendered":"<p>El Gobierno Nacional lo confirm\u00f3 este domingo El Ministerio de Seguridad de la Naci\u00f3n inform\u00f3 este domingo que ya se encuentran abiertas las inscripciones online para los j\u00f3venes de entre 16 y 20 a\u00f1os de edad, interesados en participar del Servicio C\u00edvico Voluntario en Valores. La primera etapa del programa incluir\u00e1 a 1200 voluntarios y se extender\u00e1 hasta el mes de diciembre. La cartera que lidera la ministra Patricia Bullrich, hab\u00eda realizado el anuncio oficial de creaci\u00f3n del programa de Servicio C\u00edvico Voluntario en Valores el pasado 16 de julio&#8230;.<\/p>\n","protected":false},"author":3,"featured_media":48586,"comment_status":"closed","ping_status":"closed","sticky":false,"template":"","format":"standard","meta":[],"categories":[18],"tags":[],"_links":{"self":[{"href":"https:\/\/www.actualidadadiario.com\/index.php\/wp-json\/wp\/v2\/posts\/48585"}],"collection":[{"href":"https:\/\/www.actualidadadiario.com\/index.php\/wp-json\/wp\/v2\/posts"}],"about":[{"href":"https:\/\/www.actualidadadiario.com\/index.php\/wp-json\/wp\/v2\/types\/post"}],"author":[{"embeddable":true,"href":"https:\/\/www.actualidadadiario.com\/index.php\/wp-json\/wp\/v2\/users\/3"}],"replies":[{"embeddable":true,"href":"https:\/\/www.actualidadadiario.com\/index.php\/wp-json\/wp\/v2\/comments?post=48585"}],"version-history":[{"count":1,"href":"https:\/\/www.actualidadadiario.com\/index.php\/wp-json\/wp\/v2\/posts\/48585\/revisions"}],"predecessor-version":[{"id":48587,"href":"https:\/\/www.actualidadadiario.com\/index.php\/wp-json\/wp\/v2\/posts\/48585\/revisions\/48587"}],"wp:featuredmedia":[{"embeddable":true,"href":"https:\/\/www.actualidadadiario.com\/index.php\/wp-json\/wp\/v2\/media\/48586"}],"wp:attachment":[{"href":"https:\/\/www.actualidadadiario.com\/index.php\/wp-json\/wp\/v2\/media?parent=48585"}],"wp:term":[{"taxonomy":"category","embeddable":true,"href":"https:\/\/www.actualidadadiario.com\/index.php\/wp-json\/wp\/v2\/categories?post=48585"},{"taxonomy":"post_tag","embeddable":true,"href":"https:\/\/www.actualidadadiario.com\/index.php\/wp-json\/wp\/v2\/tags?post=48585"}],"curies":[{"name":"wp","href":"https:\/\/api.w.org\/{rel}","templated":true}]}}