{"id":48583,"date":"2019-07-29T10:26:24","date_gmt":"2019-07-29T13:26:24","guid":{"rendered":"https:\/\/www.actualidadadiario.com\/?p=48583"},"modified":"2019-07-29T10:26:24","modified_gmt":"2019-07-29T13:26:24","slug":"el-gobierno-ampliara-el-plan-ahora-12-para-impulsar-el-consumo","status":"publish","type":"post","link":"https:\/\/www.actualidadadiario.com\/index.php\/2019\/07\/29\/el-gobierno-ampliara-el-plan-ahora-12-para-impulsar-el-consumo\/","title":{"rendered":"El Gobierno ampliar\u00e1 el plan &#8220;Ahora 12&#8221; para impulsar el consumo"},"content":{"rendered":"\n<p><strong><em>De cara a las elecciones Primarias, Abiertas, Simult\u00e1neas y Obligatorias del 11 de agosto, el Gobierno anunciar\u00e1 una ampliaci\u00f3n del programa Ahora 12 para reactivar el consumo masivo<\/em><\/strong><\/p>\n\n\n\n<p><\/p>\n\n\n\n<p><\/p>\n\n\n\n<p>De esta manera, el Ministerio de Producci\u00f3n y Trabajo\npublicar\u00e1 ma\u00f1ana, a trav\u00e9s de un decreto, la decisi\u00f3n de incorporar nuevos\nproductos que puedan financiarse en cuotas.<\/p>\n\n\n\n<p>Como primera novedad, el equipo del secretario de Comercio\nInterior, Ignacio Werner, planea incorporar al plan la venta de muebles\nnacionales financiada a trav\u00e9s de Ahora 12 en supermercados y tiendas\ngenerales.<\/p>\n\n\n\n<p>Adem\u00e1s se incluir\u00e1 la venta de pasajes en \u00f3mnibus a larga\ndistancia y en avi\u00f3n a diversos destinos dentro del territorio nacional en tres\no seis cuotas. As\u00ed como tambi\u00e9n la adquisici\u00f3n de productos regionales.<\/p>\n\n\n\n<p>El decreto sumar\u00e1 tambi\u00e9n, seg\u00fan informa La Naci\u00f3n, equipos\nde climatizaci\u00f3n y de ventilaci\u00f3n.<\/p>\n\n\n\n<p>Sin embargo, los servicios m\u00e1s innovadores que se sumar\u00e1n al\nprograma que naci\u00f3 con el kirchnerismo, pero que se mantuvo con la llegada de\nMacri al poder, ser\u00e1n el pago de las cuotas de gimnasios y los gastos por la\ntransformaci\u00f3n del autom\u00f3vil a GNC (gas natural comprimido).<\/p>\n\n\n\n<p>Con esta decisi\u00f3n, el Gobierno busca mejorar los n\u00fameros del\nconsumo masivo. La semana pasada, por ejemplo, se conocieron los datos de\nventas en los supermercados y en los centros de compras, que mostraron bajas en\nmayo de 13,5% y 18,7% interanual, respectivamente, seg\u00fan inform\u00f3 el Indec.<\/p>\n\n\n\n<p>Sin embargo, otro dato genera buenas perspectivas: el \u00cdndice\nde Confianza del Consumidor que elabora la Universidad Torcuato Di Tella (UTDT)\nmejor\u00f3 un 8,9% en julio (un alza de 21,9% con relaci\u00f3n a julio de 2018, con una\nbase muy baja).<\/p>\n\n\n\n<p>Cabe recordar que a comienzos de ese mes, el Gobierno hab\u00eda\nanunciado una baja de 25 puntos en la tasa de inter\u00e9s del programa. Una semana\ndespu\u00e9s inform\u00f3 que m\u00e1s de 200 cadenas ya se hab\u00edan sumado a una idea optativa,\nmencionada en el primer anuncio, de ofrecer cuotas sin inter\u00e9s.<\/p>\n\n\n\n<p>En este \u00faltimo caso, el costo de financiaci\u00f3n lo absorber\u00edan\nlos comercios en negociaci\u00f3n con la industria proveedora.<\/p>\n","protected":false},"excerpt":{"rendered":"<p>De cara a las elecciones Primarias, Abiertas, Simult\u00e1neas y Obligatorias del 11 de agosto, el Gobierno anunciar\u00e1 una ampliaci\u00f3n del programa Ahora 12 para reactivar el consumo masivo De esta manera, el Ministerio de Producci\u00f3n y Trabajo publicar\u00e1 ma\u00f1ana, a trav\u00e9s de un decreto, la decisi\u00f3n de incorporar nuevos productos que puedan financiarse en cuotas. Como primera novedad, el equipo del secretario de Comercio Interior, Ignacio Werner, planea incorporar al plan la venta de muebles nacionales financiada a trav\u00e9s de Ahora 12 en supermercados y tiendas generales. Adem\u00e1s se incluir\u00e1&#8230;<\/p>\n","protected":false},"author":3,"featured_media":48006,"comment_status":"closed","ping_status":"closed","sticky":false,"template":"","format":"standard","meta":[],"categories":[2],"tags":[],"_links":{"self":[{"href":"https:\/\/www.actualidadadiario.com\/index.php\/wp-json\/wp\/v2\/posts\/48583"}],"collection":[{"href":"https:\/\/www.actualidadadiario.com\/index.php\/wp-json\/wp\/v2\/posts"}],"about":[{"href":"https:\/\/www.actualidadadiario.com\/index.php\/wp-json\/wp\/v2\/types\/post"}],"author":[{"embeddable":true,"href":"https:\/\/www.actualidadadiario.com\/index.php\/wp-json\/wp\/v2\/users\/3"}],"replies":[{"embeddable":true,"href":"https:\/\/www.actualidadadiario.com\/index.php\/wp-json\/wp\/v2\/comments?post=48583"}],"version-history":[{"count":1,"href":"https:\/\/www.actualidadadiario.com\/index.php\/wp-json\/wp\/v2\/posts\/48583\/revisions"}],"predecessor-version":[{"id":48584,"href":"https:\/\/www.actualidadadiario.com\/index.php\/wp-json\/wp\/v2\/posts\/48583\/revisions\/48584"}],"wp:featuredmedia":[{"embeddable":true,"href":"https:\/\/www.actualidadadiario.com\/index.php\/wp-json\/wp\/v2\/media\/48006"}],"wp:attachment":[{"href":"https:\/\/www.actualidadadiario.com\/index.php\/wp-json\/wp\/v2\/media?parent=48583"}],"wp:term":[{"taxonomy":"category","embeddable":true,"href":"https:\/\/www.actualidadadiario.com\/index.php\/wp-json\/wp\/v2\/categories?post=48583"},{"taxonomy":"post_tag","embeddable":true,"href":"https:\/\/www.actualidadadiario.com\/index.php\/wp-json\/wp\/v2\/tags?post=48583"}],"curies":[{"name":"wp","href":"https:\/\/api.w.org\/{rel}","templated":true}]}}