{"id":48580,"date":"2019-07-29T10:25:40","date_gmt":"2019-07-29T13:25:40","guid":{"rendered":"https:\/\/www.actualidadadiario.com\/?p=48580"},"modified":"2019-07-29T10:25:40","modified_gmt":"2019-07-29T13:25:40","slug":"los-pequenos-y-medianos-productores-agricolas-se-encuentran-en-apuros","status":"publish","type":"post","link":"https:\/\/www.actualidadadiario.com\/index.php\/2019\/07\/29\/los-pequenos-y-medianos-productores-agricolas-se-encuentran-en-apuros\/","title":{"rendered":"Los peque\u00f1os y medianos productores agr\u00edcolas se encuentran en apuros"},"content":{"rendered":"\n<p><strong><em>El presidente de la Federaci\u00f3n Agraria Argentina, Carlos Achetoni, describi\u00f3 detalladamente cu\u00e1l es la situaci\u00f3n de las econom\u00edas regionales<\/em><\/strong><\/p>\n\n\n\n<p><\/p>\n\n\n\n<p><\/p>\n\n\n\n<p>El peque\u00f1o y mediano productor atraviesa dificultades y a\u00fan\nse ve la migraci\u00f3n desde el campo a la periferia de grandes ciudades. Este\npanorama lo confirm\u00f3 el presidente de la Federaci\u00f3n Agraria Argentina, Carlos\nAchetoni, quien adem\u00e1s analiz\u00f3 la situaci\u00f3n del agro en el pa\u00eds.&nbsp; \u201cEl productor peque\u00f1o y mediano est\u00e1 complicado\nporque si son productos del consumo interno ha bajado el poder adquisitivo y al\ndecaer la demanda baja el precio y si son productos de exportaci\u00f3n tienen un\nbuen precio, pero el sector exportador todav\u00eda no derrama esa situaci\u00f3n hacia\nabajo\u201d, asegur\u00f3.<\/p>\n\n\n\n<p>De acuerdo con el representante de la Federaci\u00f3n Agraria\nArgentina, uno de los principales impedimentos del desarrollo de los peque\u00f1os y\nmedianos productores es la falta de un financiamiento adecuado que le permita\nreinvertir. \u201cSe le hace muy dif\u00edcil porque ven\u00eda de un deterioro de muchos a\u00f1os\u201d,\ndetall\u00f3 Achetoni. A pesar de este impedimento, plante\u00f3 que hay otros mercados en\nlos cuales se puede exportar.<\/p>\n\n\n\n<p>\u201cPara poder reacomodar toda esa situaci\u00f3n adversa, quiz\u00e1 con\npotencialidades de mercado, hoy por hoy, como el de China, producto de su situaci\u00f3n\ny de la peste porcina, puede Argentina o bien exportar directamente o que le\ndejen de traer productos porque los proveedores que ten\u00eda Argentina van a\ndireccionarse m\u00e1s a China, tenemos la posibilidad de conformar a nuestro\nmercado interno y exportar tambi\u00e9n\u201d, explico el presidente de la Federaci\u00f3n\nAgraria Argentina.<\/p>\n\n\n\n<p>Sin embargo, Achetoni le reclam\u00f3 al Gobierno nacional que es\nnecesario tener herramientas crediticias-financieras, que realmente sean\nespec\u00edficas de la actividad y les d\u00e9 posibilidades a los peque\u00f1os y medianos\nproductores. Puntualmente, se refiri\u00f3 a las prefinanciaciones. \u201cQue haya\nposibilidades de desarrollarse, de poder devolver un cr\u00e9dito y que haya la\nfactibilidad de tener financiaci\u00f3n, hoy no la hay por el sistema crediticio que\nhay, es imposible pensar en producir y tener financiaci\u00f3n\u201d, manifest\u00f3.<\/p>\n\n\n\n<p>Una de las propuestas del representante de los peque\u00f1os y\nmedianos productoras es la siguiente: \u201cLas dificultades son para producir\ngranos, oleaginosas, productos de las econom\u00edas regionales, tabaco, az\u00facar,\nyerba, cualquiera de esas producciones principalmente las que tienen inserci\u00f3n\nlocal se reacomodar\u00e1n si la generaci\u00f3n de empleos y empleo estable, mejoran su\npoder adquisitivo\u201d.<\/p>\n\n\n\n<p>El presidente de la Federaci\u00f3n Agraria Argentina, sigui\u00f3 su\ndescripci\u00f3n de los sectores productivos peque\u00f1os y medianos y resalt\u00f3 que es\nnecesaria tanto una soluci\u00f3n financiera, como una mejor distribuci\u00f3n del\ncircuito productivo.&nbsp;&nbsp; \u201cLas inserciones\ncon precios que no son tan tentadores no incentivan al sector productivo a\nmantenerse, hay muchos que est\u00e1n saliendo del circuito y est\u00e1 generando en\nalgunos casos una concentraci\u00f3n en pocas manos, que eso tampoco es bueno porque\nva a hacer que muchas familias salgan del circuito productivo y vayan a los\nconurbanos de las grandes ciudades\u201d, le coment\u00f3 a la Agencias Noticias\nArgentinas.<\/p>\n\n\n\n<p>Finalmente, otro de los fen\u00f3menos que le preocupa a FAA es\nla migraci\u00f3n de ciudadanos del campo a las grandes ciudades. \u201cLamentablemente\neso no es bueno, es mucho m\u00e1s caro para los gobiernos mantener a la gente en la\nzona rural. Hasta ahora no se han encontrado los m\u00e9todos para retener a la\ngente donde tiene que estar y darle las condiciones econ\u00f3micas, porque no es\ns\u00f3lo mantenerla sino darle las condiciones sociales, accesibilidad a las nuevas\ntecnolog\u00edas, que tengan acceso a internet, a caminos, a la energ\u00eda el\u00e9ctrica\nque es fundamental y muchas regiones todav\u00eda no la tienen\u201d, concluy\u00f3 Achetoni.<\/p>\n","protected":false},"excerpt":{"rendered":"<p>El presidente de la Federaci\u00f3n Agraria Argentina, Carlos Achetoni, describi\u00f3 detalladamente cu\u00e1l es la situaci\u00f3n de las econom\u00edas regionales El peque\u00f1o y mediano productor atraviesa dificultades y a\u00fan se ve la migraci\u00f3n desde el campo a la periferia de grandes ciudades. Este panorama lo confirm\u00f3 el presidente de la Federaci\u00f3n Agraria Argentina, Carlos Achetoni, quien adem\u00e1s analiz\u00f3 la situaci\u00f3n del agro en el pa\u00eds.&nbsp; \u201cEl productor peque\u00f1o y mediano est\u00e1 complicado porque si son productos del consumo interno ha bajado el poder adquisitivo y al decaer la demanda baja el&#8230;<\/p>\n","protected":false},"author":3,"featured_media":48581,"comment_status":"closed","ping_status":"closed","sticky":false,"template":"","format":"standard","meta":[],"categories":[2],"tags":[],"_links":{"self":[{"href":"https:\/\/www.actualidadadiario.com\/index.php\/wp-json\/wp\/v2\/posts\/48580"}],"collection":[{"href":"https:\/\/www.actualidadadiario.com\/index.php\/wp-json\/wp\/v2\/posts"}],"about":[{"href":"https:\/\/www.actualidadadiario.com\/index.php\/wp-json\/wp\/v2\/types\/post"}],"author":[{"embeddable":true,"href":"https:\/\/www.actualidadadiario.com\/index.php\/wp-json\/wp\/v2\/users\/3"}],"replies":[{"embeddable":true,"href":"https:\/\/www.actualidadadiario.com\/index.php\/wp-json\/wp\/v2\/comments?post=48580"}],"version-history":[{"count":1,"href":"https:\/\/www.actualidadadiario.com\/index.php\/wp-json\/wp\/v2\/posts\/48580\/revisions"}],"predecessor-version":[{"id":48582,"href":"https:\/\/www.actualidadadiario.com\/index.php\/wp-json\/wp\/v2\/posts\/48580\/revisions\/48582"}],"wp:featuredmedia":[{"embeddable":true,"href":"https:\/\/www.actualidadadiario.com\/index.php\/wp-json\/wp\/v2\/media\/48581"}],"wp:attachment":[{"href":"https:\/\/www.actualidadadiario.com\/index.php\/wp-json\/wp\/v2\/media?parent=48580"}],"wp:term":[{"taxonomy":"category","embeddable":true,"href":"https:\/\/www.actualidadadiario.com\/index.php\/wp-json\/wp\/v2\/categories?post=48580"},{"taxonomy":"post_tag","embeddable":true,"href":"https:\/\/www.actualidadadiario.com\/index.php\/wp-json\/wp\/v2\/tags?post=48580"}],"curies":[{"name":"wp","href":"https:\/\/api.w.org\/{rel}","templated":true}]}}