{"id":48573,"date":"2019-07-29T10:22:57","date_gmt":"2019-07-29T13:22:57","guid":{"rendered":"https:\/\/www.actualidadadiario.com\/?p=48573"},"modified":"2019-07-29T10:22:57","modified_gmt":"2019-07-29T13:22:57","slug":"estimaciones-privadas-sobre-la-actividad-de-junio-ponen-en-jaque-el-optimismo-oficial","status":"publish","type":"post","link":"https:\/\/www.actualidadadiario.com\/index.php\/2019\/07\/29\/estimaciones-privadas-sobre-la-actividad-de-junio-ponen-en-jaque-el-optimismo-oficial\/","title":{"rendered":"Estimaciones privadas sobre la actividad de junio ponen en jaque el optimismo oficial"},"content":{"rendered":"\n<p><strong><em>La Fundaci\u00f3n Germ\u00e1n Abdala observ\u00f3 una contracci\u00f3n del PBI de 1,3% contra mayo<\/em><\/strong><\/p>\n\n\n\n<p><\/p>\n\n\n\n<p><\/p>\n\n\n\n<p>El Gobierno festej\u00f3 p\u00fablicamente el 2,6% de variaci\u00f3n\ninteranual de la actividad econ\u00f3mica pero las lecturas de varios analistas\nsalieron a ponerle un l\u00edmite a la euforia. Y es que la serie desestacionalizada\nsigue mostrando que la econom\u00eda contin\u00faa cerca del fondo del pozo, a pesar de\nque mayo fue mejor gracias al efecto estad\u00edstico de la sequ\u00eda. Adem\u00e1s, junio\nser\u00eda un tope: la Fundaci\u00f3n Germ\u00e1n Abdala (FGA) public\u00f3 su \u00cdndice Mensual de\nActividad (IMA), que marc\u00f3 una ca\u00edda de 1,3% libre estacionalidad contra mayo.<\/p>\n\n\n\n<p>Los principales indicadores adelantados de junio ven\u00edan\nmostrando una din\u00e1mica delicada para la actividad del mes. La construcci\u00f3n\nsufri\u00f3 un importante deterioro, en parte porque fue un junio lluvioso, y eso\ntraccion\u00f3 para abajo a la industria, con el sector automotriz adem\u00e1s en ca\u00edda\nlibre. El consumo tuvo un ligero repunte gracias al Ahora 12 pero no lo\nsuficientemente significativo. Tal como mostr\u00f3 la balanza de comercio del\nIndec, las exportaciones tampoco tironearon y las importaciones dieron nuevas\nmuestras de que el escenario sigue siendo recesivo.<\/p>\n\n\n\n<p>El director socio de Consultora Ledesma, Gabriel Caama\u00f1o\nG\u00f3mez, advirti\u00f3 que &#8220;no tiene mucho sentido festejar variaciones\ninteranuales, porque ya sabemos que por el campo en estos meses va a ser positiva\ny en los pr\u00f3ximos porque compara contra lo peor de la crisis; es como relatar\nun partido que ya vimos, conviene mirar la mensual sin estacionalidad&#8221;. La\nserie desestacionalizada del Indec, que permite ver m\u00e1s la pel\u00edcula que la\nfoto, mostr\u00f3 que la actividad est\u00e1 en el pozo: permanece 6,5% por debajo de los\nniveles de enero del 2018, previo a la crisis cambiaria. Adem\u00e1s, la\nrecuperaci\u00f3n desaceler\u00f3 en mayo y fue de 0,2% respecto a abril.<\/p>\n\n\n\n<p>Los datos de junio ponen en duda que el rebote parcial\ncontin\u00fae. Desde la consultora ACM destacaron: &#8220;Teniendo en cuenta los\nmalos datos adelantados respecto del consumo y la ca\u00edda del nivel de\nimportaciones, cabe preguntarse qu\u00e9 sectores podr\u00edan traccionar en los pr\u00f3ximos\nmeses el nivel de actividad&#8221;.<\/p>\n\n\n\n<p>La FGA public\u00f3 el IMA de junio, que dio una ca\u00edda de 1,3%\nrespecto a los niveles de mayo. El n\u00famero no es definitivo y depender\u00e1 de las\ndiferencias de ponderaci\u00f3n de la actividad del agro, entre el Indec y la FGA,\npara ver en qu\u00e9 resulta el Emae. Lo que parece seguro es que no habr\u00e1 gran\naceleraci\u00f3n respecto al 0,2%. La consultora LCG sostuvo que &#8220;podr\u00eda\nesperarse un nuevo mes de crecimiento m\u00ednimo&#8221; y lo mismo hacia adelante\n&#8220;si se mantiene la estabilidad cambiaria&#8221;.<\/p>\n\n\n\n<p>Desde la FGA destacaron: &#8220;La din\u00e1mica de junio refleja\nun escenario en el cual casi todos los indicadores se encuentran en terreno\nnegativo, con la \u00fanica excepci\u00f3n de las cantidades exportadas. Se destacan las\nca\u00eddas en pr\u00e9stamos comerciales (31%), cantidades importadas (24%), la\nrecaudaci\u00f3n de seguridad social en t\u00e9rminos reales (15%) y las ventas\nminoristas informadas por CAME (12%)&#8221;. Un dato pas\u00f3 desapercibido la\nsemana pasada: seg\u00fan el Indec, en junio las variaciones intermensuales de importaciones\ny exportaciones cayeron 1,7% y 5,4%, respectivamente.<\/p>\n","protected":false},"excerpt":{"rendered":"<p>La Fundaci\u00f3n Germ\u00e1n Abdala observ\u00f3 una contracci\u00f3n del PBI de 1,3% contra mayo El Gobierno festej\u00f3 p\u00fablicamente el 2,6% de variaci\u00f3n interanual de la actividad econ\u00f3mica pero las lecturas de varios analistas salieron a ponerle un l\u00edmite a la euforia. Y es que la serie desestacionalizada sigue mostrando que la econom\u00eda contin\u00faa cerca del fondo del pozo, a pesar de que mayo fue mejor gracias al efecto estad\u00edstico de la sequ\u00eda. Adem\u00e1s, junio ser\u00eda un tope: la Fundaci\u00f3n Germ\u00e1n Abdala (FGA) public\u00f3 su \u00cdndice Mensual de Actividad (IMA), que marc\u00f3&#8230;<\/p>\n","protected":false},"author":3,"featured_media":48574,"comment_status":"closed","ping_status":"closed","sticky":false,"template":"","format":"standard","meta":[],"categories":[2],"tags":[],"_links":{"self":[{"href":"https:\/\/www.actualidadadiario.com\/index.php\/wp-json\/wp\/v2\/posts\/48573"}],"collection":[{"href":"https:\/\/www.actualidadadiario.com\/index.php\/wp-json\/wp\/v2\/posts"}],"about":[{"href":"https:\/\/www.actualidadadiario.com\/index.php\/wp-json\/wp\/v2\/types\/post"}],"author":[{"embeddable":true,"href":"https:\/\/www.actualidadadiario.com\/index.php\/wp-json\/wp\/v2\/users\/3"}],"replies":[{"embeddable":true,"href":"https:\/\/www.actualidadadiario.com\/index.php\/wp-json\/wp\/v2\/comments?post=48573"}],"version-history":[{"count":1,"href":"https:\/\/www.actualidadadiario.com\/index.php\/wp-json\/wp\/v2\/posts\/48573\/revisions"}],"predecessor-version":[{"id":48575,"href":"https:\/\/www.actualidadadiario.com\/index.php\/wp-json\/wp\/v2\/posts\/48573\/revisions\/48575"}],"wp:featuredmedia":[{"embeddable":true,"href":"https:\/\/www.actualidadadiario.com\/index.php\/wp-json\/wp\/v2\/media\/48574"}],"wp:attachment":[{"href":"https:\/\/www.actualidadadiario.com\/index.php\/wp-json\/wp\/v2\/media?parent=48573"}],"wp:term":[{"taxonomy":"category","embeddable":true,"href":"https:\/\/www.actualidadadiario.com\/index.php\/wp-json\/wp\/v2\/categories?post=48573"},{"taxonomy":"post_tag","embeddable":true,"href":"https:\/\/www.actualidadadiario.com\/index.php\/wp-json\/wp\/v2\/tags?post=48573"}],"curies":[{"name":"wp","href":"https:\/\/api.w.org\/{rel}","templated":true}]}}