{"id":48565,"date":"2019-07-29T10:19:59","date_gmt":"2019-07-29T13:19:59","guid":{"rendered":"https:\/\/www.actualidadadiario.com\/?p=48565"},"modified":"2019-07-29T10:19:59","modified_gmt":"2019-07-29T13:19:59","slug":"fiesta-de-disfraces-valor-de-las-entradas-y-venta","status":"publish","type":"post","link":"https:\/\/www.actualidadadiario.com\/index.php\/2019\/07\/29\/fiesta-de-disfraces-valor-de-las-entradas-y-venta\/","title":{"rendered":"Fiesta de Disfraces: valor de las entradas y venta"},"content":{"rendered":"\n<p><strong><em>Dieron a conocer el precio de las entradas para la XXI edici\u00f3n de la Fiesta de Disfraces y se multiplica la expectativa y la locura. Habr\u00e1 nueva modalidad de acceso y de medios de pagos para el evento. Conoc\u00e9 cuando arranca la venta<\/em><\/strong><\/p>\n\n\n\n<p><\/p>\n\n\n\n<p><\/p>\n\n\n\n<p>Mientras crece la expectativa por la XXI edici\u00f3n de la\nFiesta de Disfraces, los organizadores confirmaron los primeros detalles del\nevento que se realizar\u00e1 el 17 de noviembre, en v\u00edsperas del feriado nacional\nprevisto para el lunes 18. <\/p>\n\n\n\n<p>La Fiesta de Disfraces es un espect\u00e1culo de nivel nacional,\ny, aunque, sus inicios est\u00e1n relacionados a la amistad de varios chicos\nparanaenses, trascendi\u00f3 todas las fronteras, convirti\u00e9ndose en uno de los\neventos m\u00e1s importantes de Paran\u00e1 y la regi\u00f3n.<\/p>\n\n\n\n<p>La fiesta implica un gran movimiento en la ciudad, ya que\ncompleta las reservas hoteleras de la ciudad y varias localidades vecinas. <\/p>\n\n\n\n<p>Los organizadores adelantaron en las redes sociales que el\nprecio de la entrada. La general tendr\u00e1 un valor de 950 pesos y la VIP, 1250\npesos. <\/p>\n\n\n\n<p>Habr\u00e1 puntos de venta f\u00edsicos, adem\u00e1s de puntos de venta\nonline.<\/p>\n\n\n\n<p><strong>La entrada es la\npulsera<\/strong><\/p>\n\n\n\n<p>Este a\u00f1o la Fiesta de Disfraces tiene un nuevo sistema\ndenominado &#8220;cashless&#8221; para agilizar la compra de comida y bebida\ndentro del evento. Todo el dinero se almacena en una pulsera, que ser\u00e1 una\nbilletera virtual digital, &#8220;lo que reducir\u00e1 el tiempo de espera y evitar\u00e1\nlargas filas&#8221;, prometen. El saldo se podr\u00e1 cargar por internet y en la\nfiesta. <\/p>\n\n\n\n<p>El dinero que no se utilice, se podr\u00e1 recuperar luego en los\npuntos de carga.<\/p>\n","protected":false},"excerpt":{"rendered":"<p>Dieron a conocer el precio de las entradas para la XXI edici\u00f3n de la Fiesta de Disfraces y se multiplica la expectativa y la locura. Habr\u00e1 nueva modalidad de acceso y de medios de pagos para el evento. Conoc\u00e9 cuando arranca la venta Mientras crece la expectativa por la XXI edici\u00f3n de la Fiesta de Disfraces, los organizadores confirmaron los primeros detalles del evento que se realizar\u00e1 el 17 de noviembre, en v\u00edsperas del feriado nacional previsto para el lunes 18. La Fiesta de Disfraces es un espect\u00e1culo de nivel&#8230;<\/p>\n","protected":false},"author":3,"featured_media":48566,"comment_status":"closed","ping_status":"closed","sticky":false,"template":"","format":"standard","meta":[],"categories":[15],"tags":[],"_links":{"self":[{"href":"https:\/\/www.actualidadadiario.com\/index.php\/wp-json\/wp\/v2\/posts\/48565"}],"collection":[{"href":"https:\/\/www.actualidadadiario.com\/index.php\/wp-json\/wp\/v2\/posts"}],"about":[{"href":"https:\/\/www.actualidadadiario.com\/index.php\/wp-json\/wp\/v2\/types\/post"}],"author":[{"embeddable":true,"href":"https:\/\/www.actualidadadiario.com\/index.php\/wp-json\/wp\/v2\/users\/3"}],"replies":[{"embeddable":true,"href":"https:\/\/www.actualidadadiario.com\/index.php\/wp-json\/wp\/v2\/comments?post=48565"}],"version-history":[{"count":1,"href":"https:\/\/www.actualidadadiario.com\/index.php\/wp-json\/wp\/v2\/posts\/48565\/revisions"}],"predecessor-version":[{"id":48567,"href":"https:\/\/www.actualidadadiario.com\/index.php\/wp-json\/wp\/v2\/posts\/48565\/revisions\/48567"}],"wp:featuredmedia":[{"embeddable":true,"href":"https:\/\/www.actualidadadiario.com\/index.php\/wp-json\/wp\/v2\/media\/48566"}],"wp:attachment":[{"href":"https:\/\/www.actualidadadiario.com\/index.php\/wp-json\/wp\/v2\/media?parent=48565"}],"wp:term":[{"taxonomy":"category","embeddable":true,"href":"https:\/\/www.actualidadadiario.com\/index.php\/wp-json\/wp\/v2\/categories?post=48565"},{"taxonomy":"post_tag","embeddable":true,"href":"https:\/\/www.actualidadadiario.com\/index.php\/wp-json\/wp\/v2\/tags?post=48565"}],"curies":[{"name":"wp","href":"https:\/\/api.w.org\/{rel}","templated":true}]}}