{"id":48562,"date":"2019-07-29T10:19:04","date_gmt":"2019-07-29T13:19:04","guid":{"rendered":"https:\/\/www.actualidadadiario.com\/?p=48562"},"modified":"2019-07-29T10:19:04","modified_gmt":"2019-07-29T13:19:04","slug":"detalles-de-la-visita-de-alberto-fernandez-a-parana","status":"publish","type":"post","link":"https:\/\/www.actualidadadiario.com\/index.php\/2019\/07\/29\/detalles-de-la-visita-de-alberto-fernandez-a-parana\/","title":{"rendered":"Detalles de la visita de Alberto Fern\u00e1ndez a Paran\u00e1"},"content":{"rendered":"\n<p><strong><em>El precandidato del Frente de Todos brindar\u00e1 una conferencia de prensa y luego se reunir\u00e1 con representantes de distintos sectores. Los organizadores confirmaron la agenda con horarios y lugares en los que estar\u00e1<\/em><\/strong><\/p>\n\n\n\n<p><\/p>\n\n\n\n<p><\/p>\n\n\n\n<p>El candidato a Presidente del Frente de Todos, Alberto\nFern\u00e1ndez, llegar\u00e1 este martes a Paran\u00e1 en el marco de su campa\u00f1a presidencial\nde cara a las elecciones primarias. El precandidato del Frente de Todos\nbrindar\u00e1 una conferencia de prensa y luego se reunir\u00e1 con representantes de\ndistintos sectores, tal como hizo en Santa Fe la semana pasada.<\/p>\n\n\n\n<p>Los organizadores precisaron que a las 10.30 dar\u00e1 una\nconferencia de prensa sala Centro Provincial de Convenciones.<\/p>\n\n\n\n<p>A las 11.30 encabezar\u00e1 un encuentro con sectores Pyme y\nproductivos.<\/p>\n\n\n\n<p>A 13.30 estar\u00e1 con j\u00f3venes emprendedores, universitarios,\ngremialistas, deportistas y profesionales con la participaci\u00f3n de intendentes y\nlegisladores en el Club Paracao.<\/p>\n\n\n\n<p>A 16.00 visitar\u00e1 el Laboratorio Lafedar (Laboratorios\nFederales Argentinos) en el Parque Industrial. Dicho laboratorio surge en\nParan\u00e1 a fines de 1995, como modelo de una moderna y pujante industria\nfarmac\u00e9utica nacional independiente. Es una empresa dedicada al desarrollo y a\nla elaboraci\u00f3n de especialidades medicinales.<\/p>\n","protected":false},"excerpt":{"rendered":"<p>El precandidato del Frente de Todos brindar\u00e1 una conferencia de prensa y luego se reunir\u00e1 con representantes de distintos sectores. Los organizadores confirmaron la agenda con horarios y lugares en los que estar\u00e1 El candidato a Presidente del Frente de Todos, Alberto Fern\u00e1ndez, llegar\u00e1 este martes a Paran\u00e1 en el marco de su campa\u00f1a presidencial de cara a las elecciones primarias. El precandidato del Frente de Todos brindar\u00e1 una conferencia de prensa y luego se reunir\u00e1 con representantes de distintos sectores, tal como hizo en Santa Fe la semana pasada&#8230;.<\/p>\n","protected":false},"author":3,"featured_media":48563,"comment_status":"closed","ping_status":"closed","sticky":false,"template":"","format":"standard","meta":[],"categories":[9],"tags":[],"_links":{"self":[{"href":"https:\/\/www.actualidadadiario.com\/index.php\/wp-json\/wp\/v2\/posts\/48562"}],"collection":[{"href":"https:\/\/www.actualidadadiario.com\/index.php\/wp-json\/wp\/v2\/posts"}],"about":[{"href":"https:\/\/www.actualidadadiario.com\/index.php\/wp-json\/wp\/v2\/types\/post"}],"author":[{"embeddable":true,"href":"https:\/\/www.actualidadadiario.com\/index.php\/wp-json\/wp\/v2\/users\/3"}],"replies":[{"embeddable":true,"href":"https:\/\/www.actualidadadiario.com\/index.php\/wp-json\/wp\/v2\/comments?post=48562"}],"version-history":[{"count":1,"href":"https:\/\/www.actualidadadiario.com\/index.php\/wp-json\/wp\/v2\/posts\/48562\/revisions"}],"predecessor-version":[{"id":48564,"href":"https:\/\/www.actualidadadiario.com\/index.php\/wp-json\/wp\/v2\/posts\/48562\/revisions\/48564"}],"wp:featuredmedia":[{"embeddable":true,"href":"https:\/\/www.actualidadadiario.com\/index.php\/wp-json\/wp\/v2\/media\/48563"}],"wp:attachment":[{"href":"https:\/\/www.actualidadadiario.com\/index.php\/wp-json\/wp\/v2\/media?parent=48562"}],"wp:term":[{"taxonomy":"category","embeddable":true,"href":"https:\/\/www.actualidadadiario.com\/index.php\/wp-json\/wp\/v2\/categories?post=48562"},{"taxonomy":"post_tag","embeddable":true,"href":"https:\/\/www.actualidadadiario.com\/index.php\/wp-json\/wp\/v2\/tags?post=48562"}],"curies":[{"name":"wp","href":"https:\/\/api.w.org\/{rel}","templated":true}]}}