{"id":48559,"date":"2019-07-29T10:18:25","date_gmt":"2019-07-29T13:18:25","guid":{"rendered":"https:\/\/www.actualidadadiario.com\/?p=48559"},"modified":"2019-07-29T10:18:25","modified_gmt":"2019-07-29T13:18:25","slug":"a-partir-de-este-lunes-aumenta-el-peaje-del-tunel-subfluvial","status":"publish","type":"post","link":"https:\/\/www.actualidadadiario.com\/index.php\/2019\/07\/29\/a-partir-de-este-lunes-aumenta-el-peaje-del-tunel-subfluvial\/","title":{"rendered":"A partir de este lunes aumenta el peaje del T\u00fanel Subfluvial"},"content":{"rendered":"\n<p><strong><em>Desde el T\u00fanel Subfluvial \u201cRa\u00fal Uranga \u2013 Carlos Sylvestre Begnis\u201d informaron que a partir de las 00 de este lunes 29 de julio cruzar el viaducto que une Paran\u00e1 con Santa Fe ser\u00e1 m\u00e1s caro. Seg\u00fan el cuadro tarifario, la Categor\u00eda I correspondientes a motos, autos, camionetas y combis pasar\u00e1 a costar 65 pesos<\/em><\/strong><\/p>\n\n\n\n<p><\/p>\n\n\n\n<p><\/p>\n\n\n\n<p>A partir de hoy, cruzar el t\u00fanel ser\u00e1 m\u00e1s caro, seg\u00fan\ninformaron desde la Divisi\u00f3n de prensa del organismo.<\/p>\n\n\n\n<p>Teniendo en cuenta el cuadro tarifario dispuesto por Concejo\nSuperior compuesto por representantes de ambas provincias, la actualizaci\u00f3n de\nlos precios rondar\u00e1 los 10 pesos.<\/p>\n\n\n\n<p>De este modo, la Categor\u00eda I correspondientes a motos,\nautos, camionetas y combis pasar\u00e1n a pagar 65 pesos. Los usuarios de ese\nsegmento que dispongan de la tarjeta de abono, pagar\u00e1n la mitad, es decir 32,50\npesos.<\/p>\n\n\n\n<p>La Categor\u00eda II correspondientes a autos o pick-up con\nremolque (lancha, casa rodante, acoplados de menos de 2,10 m de altura), cases\nrodantes autopropulsadas, pick-up de 3 ejes, pasar\u00e1n a pagar 120 pesos.<\/p>\n\n\n\n<p>Adem\u00e1s, desde la Comisi\u00f3n Administradora ratificaron el\ndescuento del 20 por ciento para el servicio de transporte p\u00fablico interurbano\nde pasajeros que circula entre Santa Fe y Paran\u00e1, que alcanza, adem\u00e1s, al\ntransporte de carga radicado ambas provincias, inform\u00f3 Ahora.<\/p>\n\n\n\n<p>El cuadro tarifario que entrar\u00e1 en vigencia a partir de las\n00 del pr\u00f3ximo lunes se encuentra disponible en www.tunelsubfluvial.gov.ar.<\/p>\n","protected":false},"excerpt":{"rendered":"<p>Desde el T\u00fanel Subfluvial \u201cRa\u00fal Uranga \u2013 Carlos Sylvestre Begnis\u201d informaron que a partir de las 00 de este lunes 29 de julio cruzar el viaducto que une Paran\u00e1 con Santa Fe ser\u00e1 m\u00e1s caro. Seg\u00fan el cuadro tarifario, la Categor\u00eda I correspondientes a motos, autos, camionetas y combis pasar\u00e1 a costar 65 pesos A partir de hoy, cruzar el t\u00fanel ser\u00e1 m\u00e1s caro, seg\u00fan informaron desde la Divisi\u00f3n de prensa del organismo. Teniendo en cuenta el cuadro tarifario dispuesto por Concejo Superior compuesto por representantes de ambas provincias, la&#8230;<\/p>\n","protected":false},"author":3,"featured_media":48560,"comment_status":"closed","ping_status":"closed","sticky":false,"template":"","format":"standard","meta":[],"categories":[15],"tags":[],"_links":{"self":[{"href":"https:\/\/www.actualidadadiario.com\/index.php\/wp-json\/wp\/v2\/posts\/48559"}],"collection":[{"href":"https:\/\/www.actualidadadiario.com\/index.php\/wp-json\/wp\/v2\/posts"}],"about":[{"href":"https:\/\/www.actualidadadiario.com\/index.php\/wp-json\/wp\/v2\/types\/post"}],"author":[{"embeddable":true,"href":"https:\/\/www.actualidadadiario.com\/index.php\/wp-json\/wp\/v2\/users\/3"}],"replies":[{"embeddable":true,"href":"https:\/\/www.actualidadadiario.com\/index.php\/wp-json\/wp\/v2\/comments?post=48559"}],"version-history":[{"count":1,"href":"https:\/\/www.actualidadadiario.com\/index.php\/wp-json\/wp\/v2\/posts\/48559\/revisions"}],"predecessor-version":[{"id":48561,"href":"https:\/\/www.actualidadadiario.com\/index.php\/wp-json\/wp\/v2\/posts\/48559\/revisions\/48561"}],"wp:featuredmedia":[{"embeddable":true,"href":"https:\/\/www.actualidadadiario.com\/index.php\/wp-json\/wp\/v2\/media\/48560"}],"wp:attachment":[{"href":"https:\/\/www.actualidadadiario.com\/index.php\/wp-json\/wp\/v2\/media?parent=48559"}],"wp:term":[{"taxonomy":"category","embeddable":true,"href":"https:\/\/www.actualidadadiario.com\/index.php\/wp-json\/wp\/v2\/categories?post=48559"},{"taxonomy":"post_tag","embeddable":true,"href":"https:\/\/www.actualidadadiario.com\/index.php\/wp-json\/wp\/v2\/tags?post=48559"}],"curies":[{"name":"wp","href":"https:\/\/api.w.org\/{rel}","templated":true}]}}