{"id":48556,"date":"2019-07-29T10:17:43","date_gmt":"2019-07-29T13:17:43","guid":{"rendered":"https:\/\/www.actualidadadiario.com\/?p=48556"},"modified":"2019-07-29T10:17:43","modified_gmt":"2019-07-29T13:17:43","slug":"macri-estara-hoy-en-concordia","status":"publish","type":"post","link":"https:\/\/www.actualidadadiario.com\/index.php\/2019\/07\/29\/macri-estara-hoy-en-concordia\/","title":{"rendered":"Macri estar\u00e1 hoy en Concordia"},"content":{"rendered":"\n<p><strong><em>La visita fue confirmada por la Secretar\u00eda de Prensa de Presidencia de la Naci\u00f3n. Mauricio Macri estar\u00e1 a las 10:30 en el N\u00facleo de Innovaci\u00f3n y Desarrollo de Oportunidades (NIDO) que la Municipalidad de Concordia gestiona en Barrio Carretera La Cruz<\/em><\/strong><\/p>\n\n\n\n<p><\/p>\n\n\n\n<p><\/p>\n\n\n\n<p>El primer mandatario llegar\u00e1 este lunes a la capital del\ncitrus y su agenda se limitar\u00e1 a recorrer las instalaciones del NIDO que el\nMunicipio gestiona en Barrio Carretera La Cruz, sito en Avenida Carretera La\nCruz y Calle 66.<\/p>\n\n\n\n<p>Ese espacio comunitario, emplazado en la zona sur de\nConcordia, fue inaugurado en marzo de este a\u00f1o en un acto encabezado por el\ngobernador Gustavo Bordet, el ministro del Interior, Rogelio Frigerio, y el\nintendente Enrique Cresto.<\/p>\n","protected":false},"excerpt":{"rendered":"<p>La visita fue confirmada por la Secretar\u00eda de Prensa de Presidencia de la Naci\u00f3n. Mauricio Macri estar\u00e1 a las 10:30 en el N\u00facleo de Innovaci\u00f3n y Desarrollo de Oportunidades (NIDO) que la Municipalidad de Concordia gestiona en Barrio Carretera La Cruz El primer mandatario llegar\u00e1 este lunes a la capital del citrus y su agenda se limitar\u00e1 a recorrer las instalaciones del NIDO que el Municipio gestiona en Barrio Carretera La Cruz, sito en Avenida Carretera La Cruz y Calle 66. Ese espacio comunitario, emplazado en la zona sur de&#8230;<\/p>\n","protected":false},"author":3,"featured_media":48557,"comment_status":"closed","ping_status":"closed","sticky":false,"template":"","format":"standard","meta":[],"categories":[15],"tags":[],"_links":{"self":[{"href":"https:\/\/www.actualidadadiario.com\/index.php\/wp-json\/wp\/v2\/posts\/48556"}],"collection":[{"href":"https:\/\/www.actualidadadiario.com\/index.php\/wp-json\/wp\/v2\/posts"}],"about":[{"href":"https:\/\/www.actualidadadiario.com\/index.php\/wp-json\/wp\/v2\/types\/post"}],"author":[{"embeddable":true,"href":"https:\/\/www.actualidadadiario.com\/index.php\/wp-json\/wp\/v2\/users\/3"}],"replies":[{"embeddable":true,"href":"https:\/\/www.actualidadadiario.com\/index.php\/wp-json\/wp\/v2\/comments?post=48556"}],"version-history":[{"count":1,"href":"https:\/\/www.actualidadadiario.com\/index.php\/wp-json\/wp\/v2\/posts\/48556\/revisions"}],"predecessor-version":[{"id":48558,"href":"https:\/\/www.actualidadadiario.com\/index.php\/wp-json\/wp\/v2\/posts\/48556\/revisions\/48558"}],"wp:featuredmedia":[{"embeddable":true,"href":"https:\/\/www.actualidadadiario.com\/index.php\/wp-json\/wp\/v2\/media\/48557"}],"wp:attachment":[{"href":"https:\/\/www.actualidadadiario.com\/index.php\/wp-json\/wp\/v2\/media?parent=48556"}],"wp:term":[{"taxonomy":"category","embeddable":true,"href":"https:\/\/www.actualidadadiario.com\/index.php\/wp-json\/wp\/v2\/categories?post=48556"},{"taxonomy":"post_tag","embeddable":true,"href":"https:\/\/www.actualidadadiario.com\/index.php\/wp-json\/wp\/v2\/tags?post=48556"}],"curies":[{"name":"wp","href":"https:\/\/api.w.org\/{rel}","templated":true}]}}