{"id":48553,"date":"2019-07-29T10:17:05","date_gmt":"2019-07-29T13:17:05","guid":{"rendered":"https:\/\/www.actualidadadiario.com\/?p=48553"},"modified":"2019-07-29T10:17:05","modified_gmt":"2019-07-29T13:17:05","slug":"la-asamblea-ambiental-se-manifesto-en-contra-de-la-instalacion-de-la-nueva-pastera","status":"publish","type":"post","link":"https:\/\/www.actualidadadiario.com\/index.php\/2019\/07\/29\/la-asamblea-ambiental-se-manifesto-en-contra-de-la-instalacion-de-la-nueva-pastera\/","title":{"rendered":"La Asamblea Ambiental se manifest\u00f3 en contra de la instalaci\u00f3n de la nueva pastera"},"content":{"rendered":"\n<p><strong><em>El paraje de Arroyo Verde volvi\u00f3 a ser el epicentro de una nueva movilizaci\u00f3n por parte de los asamble\u00edstas<\/em><\/strong><\/p>\n\n\n\n<p><\/p>\n\n\n\n<p><\/p>\n\n\n\n<p>Esta vez fueron convocados ante el anuncio del Gobierno\nuruguayo de instalar una nueva pastera finlandesa en el R\u00edo Negro, que es un\nafluente del Uruguay.<\/p>\n\n\n\n<p>La convocatoria fue al mediod\u00eda en el kil\u00f3metro 28 de la\nRuta Nacional 136, que conecta a la Argentina con Uruguay. En ese paraje\nemblema de tantas luchas ambientales, se decidi\u00f3 entregar informaci\u00f3n a cada\nuno de los automovilistas que pasaron por el lugar, sin interrumpir el tr\u00e1nsito\nen ning\u00fan momento.<\/p>\n\n\n\n<p>Los asamble\u00edstas hablaban con los pasajeros de los veh\u00edculos\ny les informaban por qu\u00e9 estaban en ese lugar nuevamente. El motivo es el\nanuncio de la nueva planta de UPM que el Gobierno de la Rep\u00fablica Oriental del\nUruguay anunci\u00f3 oficialmente hace pocos d\u00edas atr\u00e1s, con bombos y platillos.<\/p>\n\n\n\n<p>Tambi\u00e9n se firm\u00f3 un acta con la proclama ambiental de\nmanifestarse nuevamente en contra de este emprendimiento celul\u00f3sico por parte\nde una multinacional. Fue Juan Veronessi, una de las caras m\u00e1s reconocidas\ndentro de la asamblea ambiental, quien ley\u00f3 esa proclama de solidaridad con el\npueblo uruguayo que no quiere una nueva pastera y reconfirma el compromiso del\ncuidado ambiental de Gualeguaych\u00fa.\n\n&#8220;El mensaje se renueva ante una nueva\namenaza ambiental en la regi\u00f3n: el repudio a la instalaci\u00f3n de la segunda\npastera de UPM, la cual volcar\u00e1 sus efluentes en el r\u00edo Negro, afluente del r\u00edo\nUruguay&#8221;, explic\u00f3 Juan Veronesi en di\u00e1logo con R2820, mientras otros\nintegrantes de la asamblea repart\u00edan volantes asom\u00e1ndose a la calzada de la\nruta internacional, public\u00f3 Diario El Pa\u00eds de Uruguay. \n\n\n\n<\/p>\n","protected":false},"excerpt":{"rendered":"<p>El paraje de Arroyo Verde volvi\u00f3 a ser el epicentro de una nueva movilizaci\u00f3n por parte de los asamble\u00edstas Esta vez fueron convocados ante el anuncio del Gobierno uruguayo de instalar una nueva pastera finlandesa en el R\u00edo Negro, que es un afluente del Uruguay. La convocatoria fue al mediod\u00eda en el kil\u00f3metro 28 de la Ruta Nacional 136, que conecta a la Argentina con Uruguay. En ese paraje emblema de tantas luchas ambientales, se decidi\u00f3 entregar informaci\u00f3n a cada uno de los automovilistas que pasaron por el lugar, sin&#8230;<\/p>\n","protected":false},"author":3,"featured_media":48554,"comment_status":"closed","ping_status":"closed","sticky":false,"template":"","format":"standard","meta":[],"categories":[15],"tags":[],"_links":{"self":[{"href":"https:\/\/www.actualidadadiario.com\/index.php\/wp-json\/wp\/v2\/posts\/48553"}],"collection":[{"href":"https:\/\/www.actualidadadiario.com\/index.php\/wp-json\/wp\/v2\/posts"}],"about":[{"href":"https:\/\/www.actualidadadiario.com\/index.php\/wp-json\/wp\/v2\/types\/post"}],"author":[{"embeddable":true,"href":"https:\/\/www.actualidadadiario.com\/index.php\/wp-json\/wp\/v2\/users\/3"}],"replies":[{"embeddable":true,"href":"https:\/\/www.actualidadadiario.com\/index.php\/wp-json\/wp\/v2\/comments?post=48553"}],"version-history":[{"count":1,"href":"https:\/\/www.actualidadadiario.com\/index.php\/wp-json\/wp\/v2\/posts\/48553\/revisions"}],"predecessor-version":[{"id":48555,"href":"https:\/\/www.actualidadadiario.com\/index.php\/wp-json\/wp\/v2\/posts\/48553\/revisions\/48555"}],"wp:featuredmedia":[{"embeddable":true,"href":"https:\/\/www.actualidadadiario.com\/index.php\/wp-json\/wp\/v2\/media\/48554"}],"wp:attachment":[{"href":"https:\/\/www.actualidadadiario.com\/index.php\/wp-json\/wp\/v2\/media?parent=48553"}],"wp:term":[{"taxonomy":"category","embeddable":true,"href":"https:\/\/www.actualidadadiario.com\/index.php\/wp-json\/wp\/v2\/categories?post=48553"},{"taxonomy":"post_tag","embeddable":true,"href":"https:\/\/www.actualidadadiario.com\/index.php\/wp-json\/wp\/v2\/tags?post=48553"}],"curies":[{"name":"wp","href":"https:\/\/api.w.org\/{rel}","templated":true}]}}