{"id":48550,"date":"2019-07-29T10:16:22","date_gmt":"2019-07-29T13:16:22","guid":{"rendered":"https:\/\/www.actualidadadiario.com\/?p=48550"},"modified":"2019-07-29T10:16:22","modified_gmt":"2019-07-29T13:16:22","slug":"el-comite-radical-del-departamento-federacion-fiscalizara-en-las-paso-para-todas-las-listas","status":"publish","type":"post","link":"https:\/\/www.actualidadadiario.com\/index.php\/2019\/07\/29\/el-comite-radical-del-departamento-federacion-fiscalizara-en-las-paso-para-todas-las-listas\/","title":{"rendered":"El comit\u00e9 radical del departamento Federaci\u00f3n fiscalizar\u00e1 en las PASO para todas las listas"},"content":{"rendered":"\n<p><strong><em>As\u00ed lo resolvi\u00f3 el comit\u00e9 Departamental de Federaci\u00f3n de la UCR en una reuni\u00f3n realizada el viernes por la noche en Chajar\u00ed<\/em><\/strong><\/p>\n\n\n\n<p><\/p>\n\n\n\n<p><\/p>\n\n\n\n<p>La reuni\u00f3n, en la que estuvieron presentes dirigentes y\nrepresentantes de los organismos de conducci\u00f3n local, tuvo como objetivos del\nencuentro analizar la elecci\u00f3n general provincial pasada y posteriormente la\nelecci\u00f3n a legisladores nacionales y presidente que se aproxima.<\/p>\n\n\n\n<p>Desde el comit\u00e9, su titular Romeo Confalonieri, destac\u00f3 \u201cla\nmadurez y profundidad con que se debatieron y analizaron los resultados de las\nelecciones pasadas; pero sobre todo las medidas correctivas y estrategias\nfuturas que en t\u00e9rminos generales se plantearon para; primero realizar la tarea\nen los concejos deliberantes y segundo la recuperaci\u00f3n del gobierno en dichas\nlocalidades\u201d.<\/p>\n\n\n\n<p>\u201cNo podemos desconocer que fueron varios los factores que\npudieron influir en la decisi\u00f3n del elector. Nosotros somos responsables y\nrespetuosos de la voluntad popular, y por ello cumpliremos cabalmente el rol\nque nos otorg\u00f3 la ciudadan\u00eda\u201d, sostuvo Confalonieri.<\/p>\n\n\n\n<p>Con relaci\u00f3n a las elecciones de agosto pr\u00f3ximo la\nconducci\u00f3n del Comit\u00e9 Departamental, en conjunto con los presidentes del Comit\u00e9\nde la ciudad de Federaci\u00f3n, Mabel Franzoy; de Los Conquistadores, H\u00e9ctor D\u00edaz;\ny de Villa del Rosario, Amado Zampedri, acord\u00f3 prestar colaboraci\u00f3n en el\nproceso de fiscalizaci\u00f3n de cara a las pr\u00f3ximas elecciones del 11 de agosto\npara que el frente \u2018Juntos por el Cambio\u2019 logre obtener los mejores resultado.<\/p>\n","protected":false},"excerpt":{"rendered":"<p>As\u00ed lo resolvi\u00f3 el comit\u00e9 Departamental de Federaci\u00f3n de la UCR en una reuni\u00f3n realizada el viernes por la noche en Chajar\u00ed La reuni\u00f3n, en la que estuvieron presentes dirigentes y representantes de los organismos de conducci\u00f3n local, tuvo como objetivos del encuentro analizar la elecci\u00f3n general provincial pasada y posteriormente la elecci\u00f3n a legisladores nacionales y presidente que se aproxima. Desde el comit\u00e9, su titular Romeo Confalonieri, destac\u00f3 \u201cla madurez y profundidad con que se debatieron y analizaron los resultados de las elecciones pasadas; pero sobre todo las medidas&#8230;<\/p>\n","protected":false},"author":3,"featured_media":48551,"comment_status":"closed","ping_status":"closed","sticky":false,"template":"","format":"standard","meta":[],"categories":[15],"tags":[],"_links":{"self":[{"href":"https:\/\/www.actualidadadiario.com\/index.php\/wp-json\/wp\/v2\/posts\/48550"}],"collection":[{"href":"https:\/\/www.actualidadadiario.com\/index.php\/wp-json\/wp\/v2\/posts"}],"about":[{"href":"https:\/\/www.actualidadadiario.com\/index.php\/wp-json\/wp\/v2\/types\/post"}],"author":[{"embeddable":true,"href":"https:\/\/www.actualidadadiario.com\/index.php\/wp-json\/wp\/v2\/users\/3"}],"replies":[{"embeddable":true,"href":"https:\/\/www.actualidadadiario.com\/index.php\/wp-json\/wp\/v2\/comments?post=48550"}],"version-history":[{"count":1,"href":"https:\/\/www.actualidadadiario.com\/index.php\/wp-json\/wp\/v2\/posts\/48550\/revisions"}],"predecessor-version":[{"id":48552,"href":"https:\/\/www.actualidadadiario.com\/index.php\/wp-json\/wp\/v2\/posts\/48550\/revisions\/48552"}],"wp:featuredmedia":[{"embeddable":true,"href":"https:\/\/www.actualidadadiario.com\/index.php\/wp-json\/wp\/v2\/media\/48551"}],"wp:attachment":[{"href":"https:\/\/www.actualidadadiario.com\/index.php\/wp-json\/wp\/v2\/media?parent=48550"}],"wp:term":[{"taxonomy":"category","embeddable":true,"href":"https:\/\/www.actualidadadiario.com\/index.php\/wp-json\/wp\/v2\/categories?post=48550"},{"taxonomy":"post_tag","embeddable":true,"href":"https:\/\/www.actualidadadiario.com\/index.php\/wp-json\/wp\/v2\/tags?post=48550"}],"curies":[{"name":"wp","href":"https:\/\/api.w.org\/{rel}","templated":true}]}}