{"id":48547,"date":"2019-07-29T10:15:38","date_gmt":"2019-07-29T13:15:38","guid":{"rendered":"https:\/\/www.actualidadadiario.com\/?p=48547"},"modified":"2019-07-29T10:15:38","modified_gmt":"2019-07-29T13:15:38","slug":"entre-rios-se-consolida-como-una-provincia-cada-vez-mas-sustentable","status":"publish","type":"post","link":"https:\/\/www.actualidadadiario.com\/index.php\/2019\/07\/29\/entre-rios-se-consolida-como-una-provincia-cada-vez-mas-sustentable\/","title":{"rendered":"Entre R\u00edos se consolida como una provincia cada vez m\u00e1s sustentable"},"content":{"rendered":"\n<p><strong><em>A trav\u00e9s de un proceso de ordenamiento ambiental de la producci\u00f3n primaria e industrial; de resolver la problem\u00e1tica de los basurales a cielo abierto mediante la construcci\u00f3n de rellenos sanitarios; Entre R\u00edos se consolida como una provincia cada vez m\u00e1s sustentable<\/em><\/strong><\/p>\n\n\n\n<p><\/p>\n\n\n\n<p><\/p>\n\n\n\n<p>Esta consolidaci\u00f3n tambi\u00e9n se basa en fortalecer el \u00c1rea de\nReservas Naturales Protegidas y aportando la mirada ambiental en mesas de\ngesti\u00f3n intersectoriales.<\/p>\n\n\n\n<p>El fortalecimiento a los cuerpos de bomberos voluntarios de\nla provincia, el trabajo articulado con m\u00e1s de 40 municipios y juntas de\ngobierno entrerrianos, l\u00edneas de financiamiento para iniciativas y mejoras\nambientales, una estrategia provincial de adaptaci\u00f3n al cambio clim\u00e1tico,\ncapacitaciones y asesoramiento t\u00e9cnico continuo son otros de los ejes\nprincipales de la gesti\u00f3n ambiental entrerriana.<\/p>\n\n\n\n<p>\u201cEntre R\u00edos es una provincia que tiene un ecosistema muy\ndiverso, ha sido bendecida por la naturaleza y es nuestro deber cuidar los\nrecursos naturales, trabajar sostenidamente desde el lugar de las\nresponsabilidades que nos tocan, teniendo en cuenta que las acciones que\nemprendamos ahora van a tener impacto sobre las generaciones futuras&#8221;,\nafirm\u00f3 el gobernador Gustavo Bordet.<\/p>\n\n\n\n<p>Y agreg\u00f3: \u201cDebemos ser responsables por ello en todos los\nniveles, de gobierno, de la sociedad civil, de producci\u00f3n, por lo que tenemos\nque articular un trabajo conjunto y encontrar los puntos de equilibrio\nnecesarios para poder avanzar en un ambiente sostenible en el tiempo. Entre\nR\u00edos est\u00e1 situada sobre el Acu\u00edfero Guaran\u00ed, que es uno de los m\u00e1s importantes\ndel mundo, y no tengo ninguna duda de que el agua dulce va a ser el bien m\u00e1s\npreciado en las d\u00e9cadas por venir&#8221;, subray\u00f3.<\/p>\n\n\n\n<p><strong>Ordenamiento de la\nproducci\u00f3n<\/strong><\/p>\n\n\n\n<p>El organismo lleva adelante un proceso continuo de\nordenamiento ambiental de la producci\u00f3n primaria e industrial, avanzando en el\nacompa\u00f1amiento t\u00e9cnico a las empresas, formalizando planes de trabajo, con el\nfin de asegurar el desarrollo productivo y la preservaci\u00f3n de nuestros recursos\nnaturales.<\/p>\n\n\n\n<p>Durante 2018 y lo que va de 2019 se otorgaron 673\ncertificados de radicaci\u00f3n, funcionamiento y aptitud ambiental, es decir un 62\npor ciento m\u00e1s que en igual per\u00edodo previo.<\/p>\n\n\n\n<p>Los n\u00fameros que m\u00e1s aportan al incremento mencionado son los\ncorrespondientes al sector av\u00edcola, representando un 75 por ciento del total de\ncertificaciones emitidas.<\/p>\n\n\n\n<p>Contar con esa certificaci\u00f3n implica, seg\u00fan la actividad, en\nalgunos casos exportar, en otros incrementar la producci\u00f3n e incluso hacerlo\ncon el menor impacto sobre el ambiente.<\/p>\n\n\n\n<p>El secretario de Ambiente, Mart\u00edn Barbieri destac\u00f3 que \u201cen\nestos 14 meses de gesti\u00f3n al frente del organismo hemos logrado un importante\ncrecimiento en la emisi\u00f3n de certificados, producto del trabajo mancomunado\nentre el sector p\u00fablico y privado\u201d. Y a\u00f1adi\u00f3 que \u201csi bien queda mucho trabajo\npor delante, sin dudas, estamos en el camino correcto hacia el ordenamiento\nambiental del sector primario e industrial\u201d.<\/p>\n\n\n\n<p>Seg\u00fan el plan de trabajo acordado con cada empresa o\nindustria, la provincia realiza un monitoreo seg\u00fan los plazos estipulados en\nlas resoluciones y se realizan las visitas programadas. De esa forma se\nacompa\u00f1a desde el Estado provincial el plan que la Secretar\u00eda de Ambiente ha\niniciado.<\/p>\n\n\n\n<p>En lo que respecta al sector av\u00edcola, Barbieri expres\u00f3: \u201cEs\nuna se\u00f1al clara hacia el sector de que estamos trabajando en conjunto para\nagilizar el proceso de certificaci\u00f3n en materia ambiental que, en muchos casos,\nes indispensable para exportar pollos entrerrianos\u201d.<\/p>\n\n\n\n<p>El funcionario destac\u00f3 que \u201cla avicultura es hoy una de las\ncadenas productivas m\u00e1s desarrolladas que tiene la provincia, hay m\u00e1s de 3000\ngranjas, y resulta imprescindible ordenar los tr\u00e1mites ambientales para\ncompletar el proceso\u201d.<\/p>\n\n\n\n<p><strong>Adaptaci\u00f3n al cambio\nclim\u00e1tico<\/strong><\/p>\n\n\n\n<p>Entre R\u00edos forma parte del Proyecto Binacional de Adaptaci\u00f3n\nal Cambio Clim\u00e1tico en ciudades y ecosistema vulnerables costeros del r\u00edo\nUruguay, que se desarrolla en Argentina y Uruguay, y busca atender los efectos\ndel cambio clim\u00e1tico mediante planificaci\u00f3n territorial, gesti\u00f3n de riesgo y\nalerta temprana, reducci\u00f3n de vulnerabilidad social y protecci\u00f3n de\necosistemas. En ese marco, la provincia accedi\u00f3 a un aporte no reembolsable de\n6 millones de d\u00f3lares para concretar obras y actividades en Concordia, Col\u00f3n y\nConcepci\u00f3n del Uruguay. El proyecto prev\u00e9 el mismo monto para el vecino pa\u00eds\ncon igual objetivo.<\/p>\n\n\n\n<p>En ese sentido, el organismo entrerriano trabaj\u00f3 junto con\nvecinos y municipios de las localidades mencionadas en la definici\u00f3n de l\u00edneas\nde acci\u00f3n y obras que se requieren en cada lugar, de acuerdo a sus\ncaracter\u00edsticas y necesidades. Las jornadas de trabajo se realizaron siempre\ncon el acompa\u00f1amiento de la Subsecretar\u00eda de Cambio Clim\u00e1tico de la Naci\u00f3n, de\nla Corporaci\u00f3n Andina de Fomento (CAF) y de la consultora encargada de conducir\nla etapa de elaboraci\u00f3n del proyecto final que se presentar\u00e1 para su aprobaci\u00f3n\nante el Fondo de Adaptaci\u00f3n al Cambio Clim\u00e1tico, que otorga el financiamiento. <\/p>\n\n\n\n<p><strong>Gesti\u00f3n integral de los\nresiduos s\u00f3lidos urbanos<\/strong><\/p>\n\n\n\n<p>En el marco del plan provincial de Gesti\u00f3n Integral de los\nResiduos S\u00f3lidos Urbanos (Girsu), Entre R\u00edos impulsa la construcci\u00f3n de cuatro\nrellenos sanitarios por regiones con la intenci\u00f3n de resolver la problem\u00e1tica\nde los basurales a cielo abierto en los pr\u00f3ximos 30 a\u00f1os. Para ello se trabaj\u00f3\nen forma articulada con la Unidad Ejecutora Especial Temporaria de Residuos, de\nla Secretar\u00eda de Ambiente y Desarrollo Sustentable de la Naci\u00f3n.<\/p>\n\n\n\n<p>La inversi\u00f3n total supera los 788 millones de pesos y la\npoblaci\u00f3n beneficiada son 580 mil entrerrianos.<\/p>\n\n\n\n<p>Se construir\u00e1 un relleno en Paran\u00e1 que ser\u00e1 administrado en\nforma conjunta por los municipios de Oro Verde, San Benito, Colonia Avellaneda\ny Paran\u00e1. Otro en Concordia gestionado por los municipios de Concordia, Colonia\nAyu\u00ed, La Criolla, Estancia Grande, Los Charr\u00faas, Puerto Yegua y Colonia Roca;\notro en Col\u00f3n, administrado por Col\u00f3n, San Jos\u00e9, Ubajay y Villa Elisa; y el\ncuarto en Santa Elena: administrado por los municipios de Santa Elena, La Paz,\nBovril, Villa Hernandarias, Piedras Blancas, Hasenkamp, San Gustavo, Sauce de\nLuna, Federal, Alcaraz y Conscripto Bernardi.<\/p>\n\n\n\n<p>Las obras ser\u00e1n construidas con financiamiento que el Banco\nInteramericano de Desarrollo (BID) otorga al gobierno nacional pero es la\nprovincia quien toma el cr\u00e9dito y debe devolver los fondos previstos.<\/p>\n\n\n\n<p><strong>Plan de Manejo del\nFuego<\/strong><\/p>\n\n\n\n<p>A trav\u00e9s del Plan de Manejo del Fuego, de la Secretar\u00eda de\nAmbiente, el gobierno entrerriano destin\u00f3 m\u00e1s de 3,8 millones de pesos a 43\nasociaciones de bomberos voluntarios para gastos operativos y adem\u00e1s adquiri\u00f3\nveh\u00edculos y equipamiento para los cuarteles por 13,8 millones de pesos.<\/p>\n\n\n\n<p>Dichos fondos son remitidos trimestralmente a los cuarteles\nde bomberos que cumplimentan con las normas administrativas y procedimientos\nvigentes para su recepci\u00f3n. Est\u00e1n destinados a costear parte de los gastos\noperativos que tienen los cuarteles en cada ciudad.<\/p>\n\n\n\n<p>El secretario de Ambiente, Mart\u00edn Barbieri, sostuvo que \u201cde\nesta manera concretamos otro de los objetivos que nos trazamos al inicio de la\ngesti\u00f3n, y que nos ha encomendado el gobernador Gustavo Bordet, el de\nfortalecer el trabajo de nuestros bomberos voluntarios\u201d.<\/p>\n\n\n\n<p>Tambi\u00e9n valor\u00f3 el \u201cpermanente acompa\u00f1amiento de los bomberos\nen situaciones de emergencia\u201d.<\/p>\n\n\n\n<p>Adem\u00e1s, desde la Secretar\u00eda de Ambiente se adquirieron\ncamionetas 4&#215;4 y 4&#215;2, 0 kil\u00f3metro, que fueron destinadas tambi\u00e9n a las\nasociaciones de bomberos. La inversi\u00f3n total asciende a 11.301.911 pesos.<\/p>\n\n\n\n<p>Indic\u00f3 que el criterio de distribuci\u00f3n de las camionetas fue\nen funci\u00f3n de las demandas de las asociaciones de bomberos. \u201cNos basamos en\ntres ejes: los puntos de calor (focos de incendios) distribuidos en la\nprovincia, los cuarteles que tiene menor dotaci\u00f3n de equipamiento de ataque y\nlos que recibieron en la anterior entrega de veh\u00edculos realizado por la provincia.\nEs decir que se priorizaron los cuarteles que mayor foco de incendios\nestad\u00edsticamente tienen al a\u00f1o, la extensi\u00f3n de ejido a cubrir y el\nequipamiento con el que cuentan\u201d, precis\u00f3 el funcionario.<\/p>\n\n\n\n<p>Asimismo, est\u00e1 pr\u00f3xima a culminarse la licitaci\u00f3n para la\ncompra de equipos de ataque r\u00e1pido para colocar en las camionetas por alrededor\nde 1,1 millones de pesos, y de borcegu\u00edes y guantes, por 1,4 millones, para ser\ndistribuidos entre las asociaciones de bomberos voluntarios.<\/p>\n\n\n\n<p><strong>L\u00edneas de\nfinanciamiento<\/strong><\/p>\n\n\n\n<p>Entre R\u00edos cuenta con diferentes l\u00edneas de financiamiento\ndestinadas a mejoras ambientales en los sectores industrial y primario; a ONG\u2019s\nentrerrianas para desarrollar proyectos ambientales; y Aportes No Reembolsables\n(ANR) destinados a fomentar, visibilizar y fortalecer buenas pr\u00e1cticas\nambientales.<\/p>\n\n\n\n<p>A partir del convenio firmado entre el gobernador Gustavo\nBordet y el titular del Consejo Federal de Inversiones (CFI), Juan Jos\u00e9\nCi\u00e1cera, se puso a disposici\u00f3n de los sectores industrial y primario, l\u00edneas de\ncr\u00e9dito destinadas a inversiones en tecnolog\u00eda de tratamiento de residuos y\nefluentes. Hasta 1 mill\u00f3n de pesos para la producci\u00f3n primaria; y hasta 2,5\nmillones de pesos para el sector industrial. En el caso de Pymes, se financiar\u00e1\nel 70 % de la inversi\u00f3n a realizar.<\/p>\n\n\n\n<p>La provincia, a trav\u00e9s de la Secretar\u00eda de Ambiente, aporta\nlos recursos necesarios con el objeto de subsidiar en dos puntos porcentuales\nla tasa de inter\u00e9s variable que aplica el CFI para su L\u00ednea de Cr\u00e9ditos para la\nReactivaci\u00f3n Productiva, en todo proyecto destinado a la inversi\u00f3n en\ntecnolog\u00edas de tratamiento de residuos y efluentes.<\/p>\n\n\n\n<p>De esta manera, Entre R\u00edos es la primera provincia en contar\ncon una herramienta financiera con fines ambientales, lo cual planta un moj\u00f3n\nen lo que refiere a producci\u00f3n sustentable.<\/p>\n\n\n\n<p>Por otra parte, ONG\u2019s entrerrianas accedieron a\nfinanciamiento por un total de 82.763 d\u00f3lares para desarrollar sus proyectos\nambientales en la provincia, en el marco de la convocatoria que realiz\u00f3 el\nPrograma de Peque\u00f1as Donaciones (PPD) de Argentina, que apoya t\u00e9cnica y\nfinancieramente peque\u00f1as iniciativas comunitarias con impacto en los problemas\nambientales globales mediante donaciones de peque\u00f1a escala.<\/p>\n\n\n\n<p>En la provincia la convocatoria fue realizada por la\nSecretar\u00eda de Ambiente a trav\u00e9s de reuniones informativas y talleres dirigidas\na las ONG\u2019s interesadas.<\/p>\n\n\n\n<p>Los proyectos ganadores de Entre R\u00edos fueron presentados por\nla Asociaci\u00f3n Civil Gaset\u00ed Gaz\u00fan vinculado a una escuela sustentable; la\nasociaci\u00f3n civil del Prado denominado El sol sobre el prado; y por la\nasociaci\u00f3n Educacionista La Fraternidad vinculado a valorizaci\u00f3n del humedal de\nla Isla del Puerto de Concepci\u00f3n del Uruguay.<\/p>\n\n\n\n<p>La financiaci\u00f3n para dichos proyectos proviene del Fondo\npara el Medio Ambiente Mundial (FMAM) de la ONU, es implementado por el\nPrograma de las Naciones Unidas para el Desarrollo (PNUD) y administrado por la\nOficina de Proyectos de las Naciones Unidas (UNOPS).<\/p>\n\n\n\n<p>A su vez, la cartera ambiental provincial dispone de Aportes\nNo Reembolsables (ANR) destinados a fomentar, visibilizar y fortalecer buenas\npr\u00e1cticas ambientales.<\/p>\n\n\n\n<p><strong>\u00c1reas naturales\nprotegidas<\/strong><\/p>\n\n\n\n<p>Entre R\u00edos cuenta con dos sitios Ramsar de protecci\u00f3n\ninternacional: el Palmar Yatay, de 21.450 hect\u00e1reas ubicadas en el departamento\nCol\u00f3n; y el Delta del Paran\u00e1, de 240.000 hect\u00e1reas que incluyen los territorios\nde dos Parques Nacionales (el Predelta de Diamante e Islas de Santa Fe, en la\nvecina provincia). Este \u00faltimo es el primer sitio interjurisdiccional ya que es\nadministrado por las provincias de Entre R\u00edos y Santa Fe y la Administraci\u00f3n de\nParques Nacionales.<\/p>\n\n\n\n<p>El organismos ambiental provincial apuesta a una gesti\u00f3n\nintersectorial del patrimonio natural, que permita a las especies aut\u00f3ctonas de\nla provincia tener un espacio donde vivir y asegurar su supervivencia, aparte\nde constituir espacios desde donde sensibilizar, capacitar y concientizar\nacerca de la importancia de la preservaci\u00f3n.<\/p>\n\n\n\n<p>En ese sentido, en la provincia se sancion\u00f3 la Ley N\u00ba 10.479\nde \u00c1reas Naturales Protegidas, por la cual dicha \u00e1rea, que estaba bajo la\n\u00f3rbita de la Secretar\u00eda de Producci\u00f3n, pasa a la Secretar\u00eda de Ambiente. El\nproyecto de reglamentaci\u00f3n de la norma fue elaborado por el organismo ambiental\ny est\u00e1 en los pasos previos a la firma del gobernador de la provincia. Dicho\ndecreto permitir\u00e1 comenzar a funcionar correctamente con la creaci\u00f3n del \u00e1rea\nrespectiva y, por ende, mejorar el trabajo de valorizaci\u00f3n de las \u00e1reas\nnaturales protegidas.<\/p>\n\n\n\n<p><strong>Programa Arbolando mi\nlugar<\/strong><\/p>\n\n\n\n<p>Se entregaron m\u00e1s de 300.000 \u00e1rboles de especies aut\u00f3ctonas,\nen el marco del programa Arbolando mi lugar, una iniciativa de la Secretar\u00eda de\nAmbiente que consiste en promover la forestaci\u00f3n a trav\u00e9s de la entrega de\n\u00e1rboles aut\u00f3ctonos de nuestra regi\u00f3n a los municipios e instituciones que\nadhirieron al programa. Las especies entregadas son jacarand\u00e1, lapacho e ibir\u00e1\npit\u00e1, entre otros.<\/p>\n\n\n\n<p>Esto aporta una soluci\u00f3n a muchos municipios para reforzar\nsus planes de arbolado, aparte de contribuir al ahorro de energ\u00eda al disminuir\nhasta un 4\u00b0c la temperatura seg\u00fan han demostrado reportes recientes.<\/p>\n\n\n\n<p><strong>Trabajo articulado<\/strong><\/p>\n\n\n\n<p>A trav\u00e9s del Consejo Provincial de Ambiente (Coproam) se\ntrabaja articuladamente con los m\u00e1s de 40 municipios y juntas de gobierno. El\nCoproam re\u00fane a los responsables de las \u00e1reas ambientales de todos los\nmunicipios entrerrianos para abordar temas vinculados a la normativa ambiental\nvigente, la gesti\u00f3n de los residuos, control y fiscalizaci\u00f3n; y capacitaciones,\nentre otros.<\/p>\n\n\n\n<p><strong>Celeridad y\nejecutividad<\/strong><\/p>\n\n\n\n<p>Se inici\u00f3 hace m\u00e1s de un a\u00f1o atr\u00e1s un proceso de\ndigitalizaci\u00f3n y simplificaci\u00f3n de los procedimientos administrativos con el\nobjetivo de dar agilidad y ejecutividad a los tr\u00e1mites internos y externos efectuados\ndesde el organismo.<\/p>\n\n\n\n<p><strong>Capacitaci\u00f3n y Asistencia\nt\u00e9cnica<\/strong><\/p>\n\n\n\n<p>El organismo adem\u00e1s brinda capacitaciones permanentes sobre\ndiversos temas en distintos puntos de la provincia como as\u00ed tambi\u00e9n asistencia\nt\u00e9cnica a municipios, juntas de gobierno, empresas e industrias que muestran\ninter\u00e9s en realizar una actividad sustentable y con el menor impacto sobre el\nambiente.<\/p>\n","protected":false},"excerpt":{"rendered":"<p>A trav\u00e9s de un proceso de ordenamiento ambiental de la producci\u00f3n primaria e industrial; de resolver la problem\u00e1tica de los basurales a cielo abierto mediante la construcci\u00f3n de rellenos sanitarios; Entre R\u00edos se consolida como una provincia cada vez m\u00e1s sustentable Esta consolidaci\u00f3n tambi\u00e9n se basa en fortalecer el \u00c1rea de Reservas Naturales Protegidas y aportando la mirada ambiental en mesas de gesti\u00f3n intersectoriales. El fortalecimiento a los cuerpos de bomberos voluntarios de la provincia, el trabajo articulado con m\u00e1s de 40 municipios y juntas de gobierno entrerrianos, l\u00edneas de&#8230;<\/p>\n","protected":false},"author":3,"featured_media":48548,"comment_status":"closed","ping_status":"closed","sticky":false,"template":"","format":"standard","meta":[],"categories":[9],"tags":[],"_links":{"self":[{"href":"https:\/\/www.actualidadadiario.com\/index.php\/wp-json\/wp\/v2\/posts\/48547"}],"collection":[{"href":"https:\/\/www.actualidadadiario.com\/index.php\/wp-json\/wp\/v2\/posts"}],"about":[{"href":"https:\/\/www.actualidadadiario.com\/index.php\/wp-json\/wp\/v2\/types\/post"}],"author":[{"embeddable":true,"href":"https:\/\/www.actualidadadiario.com\/index.php\/wp-json\/wp\/v2\/users\/3"}],"replies":[{"embeddable":true,"href":"https:\/\/www.actualidadadiario.com\/index.php\/wp-json\/wp\/v2\/comments?post=48547"}],"version-history":[{"count":1,"href":"https:\/\/www.actualidadadiario.com\/index.php\/wp-json\/wp\/v2\/posts\/48547\/revisions"}],"predecessor-version":[{"id":48549,"href":"https:\/\/www.actualidadadiario.com\/index.php\/wp-json\/wp\/v2\/posts\/48547\/revisions\/48549"}],"wp:featuredmedia":[{"embeddable":true,"href":"https:\/\/www.actualidadadiario.com\/index.php\/wp-json\/wp\/v2\/media\/48548"}],"wp:attachment":[{"href":"https:\/\/www.actualidadadiario.com\/index.php\/wp-json\/wp\/v2\/media?parent=48547"}],"wp:term":[{"taxonomy":"category","embeddable":true,"href":"https:\/\/www.actualidadadiario.com\/index.php\/wp-json\/wp\/v2\/categories?post=48547"},{"taxonomy":"post_tag","embeddable":true,"href":"https:\/\/www.actualidadadiario.com\/index.php\/wp-json\/wp\/v2\/tags?post=48547"}],"curies":[{"name":"wp","href":"https:\/\/api.w.org\/{rel}","templated":true}]}}