{"id":48541,"date":"2019-07-26T10:48:00","date_gmt":"2019-07-26T13:48:00","guid":{"rendered":"https:\/\/www.actualidadadiario.com\/?p=48541"},"modified":"2019-07-26T10:48:00","modified_gmt":"2019-07-26T13:48:00","slug":"eva-peron-unica-e-irrepetible","status":"publish","type":"post","link":"https:\/\/www.actualidadadiario.com\/index.php\/2019\/07\/26\/eva-peron-unica-e-irrepetible\/","title":{"rendered":"Eva Per\u00f3n, \u00fanica e irrepetible"},"content":{"rendered":"\n<p><strong><em>La noche del 26 de julio, la radio interrumpe la programaci\u00f3n para dar la noticia que miles de argentinos deseaban escuchar antes de morir, y otros miles no quer\u00edan escuchar mientras vivieran<\/em><\/strong><\/p>\n\n\n\n<p><\/p>\n\n\n\n<p><\/p>\n\n\n\n<p>As\u00ed como supo ganarse el cari\u00f1o de sus \u201cdescamisados\u201d\ncentrando su atenci\u00f3n en los males sociales \u2013como puede leerse en mi art\u00edculo\nsobre su nacimiento en la edici\u00f3n del pasado 7 de mayo\u2013, la se\u00f1ora Eva Duarte\nde Per\u00f3n supo ganarse el rechazo de las directivas de la olig\u00e1rquica Sociedad\nde Beneficencia. Por su origen popular, por haber sido actriz y por su\nfidelidad a los trabajadores organizados en el peronismo, le negaron la\npresidencia de la Comisi\u00f3n Directiva de esa instituci\u00f3n, poniendo como excusa\nsu juventud; de los partidos pol\u00edticos opositores por la ausencia de libertades\nen el funcionamiento de las instituciones republicanas; y de la Iglesia al\ndecir, por ejemplo, <em>que \u201cel est\u00f3mago de\nlos pobres no se llenaba yendo a orar y comulgar a las iglesias\u201d<\/em>; y tambi\u00e9n\nde los militares, quienes la obligaron a renunciar a la candidatura a la vicepresidencia\nde la Naci\u00f3n, temerosos de que en caso de muerte de su esposo, ella pasara a\nocupar el cargo de comandante en jefe de las Fuerzas Armadas. <\/p>\n\n\n\n<p>Esas actitudes no le fueron perdonadas, y los llamados\n\u201ccontreras\u201d llegaron a escribir: \u201cViva el c\u00e1ncer\u201d, en alusi\u00f3n al c\u00e1ncer de\n\u00fatero que padec\u00eda \u201cesa yegua vestida de se\u00f1ora\u201d, como sol\u00edan llamarla los\ndirigentes de la oposici\u00f3n. <\/p>\n\n\n\n<p>Evita recibe numerosos homenajes; en el Cabildo Abierto del\nJusticialismo del 22 de agosto de 1951 comunica su renuncia a la vicepresidencia\nde la Naci\u00f3n; el 28 de septiembre el Ej\u00e9rcito, la Marina y la Aeron\u00e1utica, bajo\nel mando del general retirado Benjam\u00edn Men\u00e9ndez, intentan derrocar al\npresidente Per\u00f3n; el 11 de noviembre m\u00e1s de 3.500.000 mujeres votan por primera\nvez en el pa\u00eds; el 1\u00b0 de mayo de 1952, una Evita \u201cllagada, lacerada por\nintensos dolores\u201d, da lo que ser\u00eda el \u00faltimo discurso ante el pueblo, del cual\nextraigo los siguientes p\u00e1rrafos:<\/p>\n\n\n\n<p><em>Mis queridos\ndescamisados: Otra vez estamos aqu\u00ed reunidos los trabajadores y las mujeres del\npueblo; otra vez estamos los descamisados en esta plaza hist\u00f3rica del 17 de\noctubre de 1945 para dar la respuesta al l\u00edder del pueblo, que esta ma\u00f1ana, al\nconcluir su mensaje dijo: &#8220;Quienes quieran o\u00edr, que oigan, quienes quieran\nseguir, que sigan&#8221;. Aqu\u00ed est\u00e1 la respuesta mi general. Es el pueblo\ntrabajador, es el pueblo humilde de la patria, que aqu\u00ed y en todo el pa\u00eds est\u00e1\nde pie y lo seguir\u00e1 a Per\u00f3n, el l\u00edder del pueblo, el l\u00edder de la humanidad,\nporque ha levantado la bandera de redenci\u00f3n y de justicia de las masas\ntrabajadoras; lo seguir\u00e1 contra la opresi\u00f3n de los traidores de adentro y de\nafuera, que en la oscuridad de la noche quieren dejar el veneno de sus v\u00edboras\nen el alma y en el cuerpo de Per\u00f3n, que es el alma y el cuerpo de la patria. Pero\nno lo conseguir\u00e1n como no han conseguido jam\u00e1s la envidia de los sapos acallar\nel canto de los ruise\u00f1ores, ni las v\u00edboras detener el vuelo de los c\u00f3ndores.\n(\u2026) Yo le pido a Dios que no permita a esos insectos levantar la mano contra\nPer\u00f3n, porque \u00a1guay de ese d\u00eda! Ese d\u00eda, mi general, yo saldr\u00e9 con el pueblo\ntrabajador, yo saldr\u00e9 con las mujeres del pueblo, yo saldr\u00e9 con los\ndescamisados de la patria, para no dejar en pie ning\u00fan ladrillo que no sea\nperonista. Porque nosotros no nos vamos a dejar aplastar jam\u00e1s por la bota\nolig\u00e1rquica y traidora de los vendepatrias que han explotado a la clase\ntrabajadora, porque nosotros no nos vamos a dejar explotar jam\u00e1s por los que,\nvendidos por cuatro monedas, sirven a sus amos de las metr\u00f3polis extranjeras;\nentregan al pueblo de su patria con la misma tranquilidad con que han vendido\nel pa\u00eds y sus conciencias; porque nosotros vamos a cuidar de Per\u00f3n m\u00e1s que si\nfuera nuestra vida, porque nosotros cuidamos una causa que es la causa de la\npatria, es la causa del pueblo, es la causa de los ideales que hemos tenido en\nnuestros corazones durante tantos a\u00f1os. (\u2026) Yo quiero hablar hoy, a pesar de\nque el general me pide que sea breve, porque quiero que mi pueblo sepa que\nestamos dispuestos a morir por Per\u00f3n y que sepan los traidores que ya no\nvendremos aqu\u00ed a decirle &#8220;presente&#8221; a Per\u00f3n, como el 28 de\nseptiembre, sino que iremos a hacer justicia por nuestras propias manos. (\u2026)<\/em><\/p>\n\n\n\n<p>El 7 de mayo Evita cumpl\u00eda 33 a\u00f1os y el Congreso le concede\nel t\u00edtulo de \u201cJefa Espiritual de la Naci\u00f3n\u201d. Estaba muy flaca, no se sent\u00eda\nnada bien, y unos d\u00edas despu\u00e9s, el 4 de junio, con mucho esfuerzo de su parte,\nacompa\u00f1a a Per\u00f3n en el acto de juramento de su segundo mandato constitucional,\nsin saber que iba a ser su \u00faltima aparici\u00f3n en p\u00fablico. <\/p>\n\n\n\n<p>La noche del 26 de julio, la radio interrumpe la\nprogramaci\u00f3n para dar la noticia que miles de argentinos deseaban escuchar\nantes de morir, y otros miles no quer\u00edan escuchar mientras vivieran: <\/p>\n\n\n\n<p><em>\u201cLa Subsecretar\u00eda de\nInformaciones de la Presidencia cumple en informar que a las 20 y 25 la se\u00f1ora\nEva Per\u00f3n entr\u00f3 en la inmortalidad. Las emisoras contin\u00faan con sus respectivos\nprogramas.\u201d<\/em> <\/p>\n\n\n\n<p>Durante los 16 d\u00edas que dur\u00f3 el velatorio de Evita, el pa\u00eds\nse paraliza. Una multitud doliente hace largas colas para verla por \u00faltima vez y\nrezar por su eterno descanso. Las radios emiten m\u00fasica sacra y se leen\nfragmentos de su libro. El Congreso Nacional convirti\u00f3 los territorios de La\nPampa y el Chaco en provincias, cambi\u00f3 sus nombres por los de Eva Per\u00f3n y\nGeneral Per\u00f3n, respectivamente. Las c\u00e1maras de la legislatura de la provincia\nde Buenos Aires sancionaron una ley que cambiaba el nombre de la ciudad capital\nde La Plata por Eva Per\u00f3n.<\/p>\n\n\n\n<p>Despu\u00e9s de ser embalsamada, enterrada en las oficinas\ncentrales de la CGT; y secuestrada hasta el regreso de Per\u00f3n al poder en 1974,\nhoy sus restos permanecen en la b\u00f3veda que la familia Duarte posee en el\ncementerio de la Recoleta, y, aunque nadie puede ver el f\u00e9retro que contiene su\ncuerpo, porque est\u00e1 en un recinto blindado, sigue siendo una de las tumbas m\u00e1s\nvisitadas por gente del pa\u00eds y del extranjero, que le llevan flores y le\nescriben cartas. <\/p>\n\n\n\n<p>Es que Evita sigue presente en la memoria popular por\naquellos que en el hip\u00f3dromo de Buenos Aires le gritaban a Aramburu y Rojas \u2013a\nquienes ella cree que hab\u00eda que haberlos fusilado\u2013 <em>\u201cCobarde y ladr\u00f3n lo queremos a Per\u00f3n\u201d;<\/em> en los dirigentes\nsindicales, que ante la disoluci\u00f3n de la fundaci\u00f3n, lograron mantener y ampliar\nel sistema de protecci\u00f3n social; y en el aramburazo, por el secuestro de su\ncad\u00e1ver y como responsable de los fusilamientos de 27 militares y civiles\nperonistas, el 9 de junio de 1956: <em>\u201cCon\nlos huesos de Aramburu\/Vamos a hacer una escalera\/Para que baje del\ncielo\/Nuestra Evita Montonera\u201d.<\/em> En los militantes de la juventud peronista,\ngritando el d\u00eda del triunfo del FREJULI<em>:\n\u201cSe siente, se siente, Evita est\u00e1 presente\u201d,<\/em> mientras se dirig\u00edan a la\nc\u00e1rcel de Villa Devoto para asegurar la liberaci\u00f3n de los presos pol\u00edticos; y\nel 1\u00ba de mayo de 1974 en la Plaza de Mayo<em>:\n\u201cSi Evita viviera, ser\u00eda Montonera\u201d; \u201cEvita hay una sola, no rompan m\u00e1s las\nbolas\u201c, \u201cSi Evita viviera, Isabel ser\u00eda copera\u201d.<\/em> En las voces de los que\ngritan \u201cpresente\u201d cuando se mencionan los nombres de los j\u00f3venes militantes\nasesinados por la dictadura militar; aplaudiendo al movimiento obrero en las\nhuelgas generales entre el 2 de abril de 1979 y el 30 de marzo de 1982, cuando\ngritaba en las calles: <em>\u201cSe va a acabar,\nse va a acabar, la dictadura militar&#8221;,<\/em> porque a pesar de las cr\u00edticas\nrecibidas tuvo la inteligencia y las agallas para sacar a flote su estructura\norganizacional; en la vuelta a la democracia, en el decreto que instituy\u00f3 la\nAsignaci\u00f3n Universal por Hijo, en los billetes de cien pesos con su rostro, en\nun p\u00fablico m\u00e1s variado que el de su \u00e9poca, interesado por el peronismo a trav\u00e9s\nde distintas manifestaciones en el campo de la cultura popular, y en las\nmanifestantes del 8 de marzo, D\u00eda Internacional de la Mujer.<\/p>\n\n\n\n<p>Porque hizo de la justicia social un camino hacia el\ndesarrollo con derechos e igualdad de oportunidades para todos, a 67 a\u00f1os de la\nmuerte de esa muchacha que un d\u00eda emigrara de su peque\u00f1o pueblo, a la que s\u00f3lo\nsiete a\u00f1os le fueron suficientes para entrar en la historia, yo deseo, como\nhombre que rechaza el olvido, siga Usted, compa\u00f1era Evita, descansando en paz\nen altares con su retrato iluminado por velas, frente al cual mucha gente le\nseguir\u00e1 rezando y pidi\u00e9ndole por ellos y sus seres m\u00e1s queridos, como lo hizo\nen vida mi abuela Dolores R\u00edos, en su humilde habitaci\u00f3n de la calle Saavedra\n701, en la ciudad de Rojas, provincia de Buenos Aires.<\/p>\n","protected":false},"excerpt":{"rendered":"<p>La noche del 26 de julio, la radio interrumpe la programaci\u00f3n para dar la noticia que miles de argentinos deseaban escuchar antes de morir, y otros miles no quer\u00edan escuchar mientras vivieran As\u00ed como supo ganarse el cari\u00f1o de sus \u201cdescamisados\u201d centrando su atenci\u00f3n en los males sociales \u2013como puede leerse en mi art\u00edculo sobre su nacimiento en la edici\u00f3n del pasado 7 de mayo\u2013, la se\u00f1ora Eva Duarte de Per\u00f3n supo ganarse el rechazo de las directivas de la olig\u00e1rquica Sociedad de Beneficencia. Por su origen popular, por haber&#8230;<\/p>\n","protected":false},"author":3,"featured_media":48542,"comment_status":"closed","ping_status":"closed","sticky":false,"template":"","format":"standard","meta":[],"categories":[4],"tags":[],"_links":{"self":[{"href":"https:\/\/www.actualidadadiario.com\/index.php\/wp-json\/wp\/v2\/posts\/48541"}],"collection":[{"href":"https:\/\/www.actualidadadiario.com\/index.php\/wp-json\/wp\/v2\/posts"}],"about":[{"href":"https:\/\/www.actualidadadiario.com\/index.php\/wp-json\/wp\/v2\/types\/post"}],"author":[{"embeddable":true,"href":"https:\/\/www.actualidadadiario.com\/index.php\/wp-json\/wp\/v2\/users\/3"}],"replies":[{"embeddable":true,"href":"https:\/\/www.actualidadadiario.com\/index.php\/wp-json\/wp\/v2\/comments?post=48541"}],"version-history":[{"count":1,"href":"https:\/\/www.actualidadadiario.com\/index.php\/wp-json\/wp\/v2\/posts\/48541\/revisions"}],"predecessor-version":[{"id":48543,"href":"https:\/\/www.actualidadadiario.com\/index.php\/wp-json\/wp\/v2\/posts\/48541\/revisions\/48543"}],"wp:featuredmedia":[{"embeddable":true,"href":"https:\/\/www.actualidadadiario.com\/index.php\/wp-json\/wp\/v2\/media\/48542"}],"wp:attachment":[{"href":"https:\/\/www.actualidadadiario.com\/index.php\/wp-json\/wp\/v2\/media?parent=48541"}],"wp:term":[{"taxonomy":"category","embeddable":true,"href":"https:\/\/www.actualidadadiario.com\/index.php\/wp-json\/wp\/v2\/categories?post=48541"},{"taxonomy":"post_tag","embeddable":true,"href":"https:\/\/www.actualidadadiario.com\/index.php\/wp-json\/wp\/v2\/tags?post=48541"}],"curies":[{"name":"wp","href":"https:\/\/api.w.org\/{rel}","templated":true}]}}