{"id":48538,"date":"2019-07-26T10:47:17","date_gmt":"2019-07-26T13:47:17","guid":{"rendered":"https:\/\/www.actualidadadiario.com\/?p=48538"},"modified":"2019-07-26T10:47:17","modified_gmt":"2019-07-26T13:47:17","slug":"en-110-ciudades-del-mundo-marcharan-contra-asesinatos-de-lideres-sociales-en-colombia","status":"publish","type":"post","link":"https:\/\/www.actualidadadiario.com\/index.php\/2019\/07\/26\/en-110-ciudades-del-mundo-marcharan-contra-asesinatos-de-lideres-sociales-en-colombia\/","title":{"rendered":"En 110 ciudades del mundo marchar\u00e1n contra asesinatos de l\u00edderes sociales en Colombia"},"content":{"rendered":"\n<p><strong><em>Miles de personas marchar\u00e1n en 57 ciudades de Colombia y 53 m\u00e1s en el extranjero para protestar por los asesinatos de l\u00edderes sociales en ese pa\u00eds y exigir al Gobierno de Iv\u00e1n Duque mayor protecci\u00f3n para ellos y los defensores de derechos humanos<\/em><\/strong><\/p>\n\n\n\n<p><\/p>\n\n\n\n<p><\/p>\n\n\n\n<p>La marcha cuenta con el respaldo de diferentes sectores\nsociales y pol\u00edticos en Colombia, entre ellos congresistas de izquierda,\nsindicatos, estudiantes, ind\u00edgenas y del partido Fuerza Alternativa\nRevolucionaria del Com\u00fan (FARC, surgido tras la desmovilizaci\u00f3n de la guerrilla).<\/p>\n\n\n\n<p>En Bogot\u00e1, donde se espera una amplia participaci\u00f3n, la\nmarcha comenzar\u00e1 a las 17.00 hora local (22.00 GMT) en el Centro de Memoria,\nPaz y Reconciliaci\u00f3n, en el centro de la ciudad, hasta llegar a la Plaza de\nBol\u00edvar, en la zona hist\u00f3rica de la capital del pa\u00eds, cerca de la Alcald\u00eda y\ndel Palacio de Nari\u00f1o (sede del Gobierno).<\/p>\n\n\n\n<p>Ernesto Samper, expresidente de Colombia (1994-1998) y\nexsecretario general de la Uni\u00f3n de Naciones Suramericanas, escribi\u00f3 en su\ncuenta de la red social Twitter que este viernes hay que hacerse &#8220;sentir,\ncon nuestra presencia en la marcha, el rechazo al asesinato de los l\u00edderes\nsociales y nuestra solidaridad con sus causas, que son las de la defensa de la\npaz&#8221;.<\/p>\n\n\n\n<p>El senador de izquierda Iv\u00e1n Cepeda afirm\u00f3 en esa red social\nque &#8220;en Colombia m\u00e1s de 400 l\u00edderes y lideresas sociales han sido\nasesinados, empecemos a alzar la voz por aquellos que han ca\u00eddo indefensos en\nmanos de los enemigos de la paz&#8221;.<\/p>\n\n\n\n<p>El m\u00e1ximo l\u00edder de FARC, Rodrigo Londo\u00f1o, alias\n&#8220;Timochenko&#8221;, pidi\u00f3 tambi\u00e9n que la movilizaci\u00f3n sirva para rechazar\nlos asesinatos de excombatientes de la antigua guerrilla Fuerzas Armadas\nRevolucionarias de Colombia, de los cuales han sido asesinados 138 desde la\nfirma del acuerdo final de paz en noviembre de 2016.<\/p>\n\n\n\n<p>Londo\u00f1o public\u00f3 en Twitter: &#8220;138 exguerrilleros\nasesinados desde la firma de los acuerdos de paz. \u00a1Basta ya! Ma\u00f1ana, 26 de\njulio, Caminamos por la vida&#8221;.<\/p>\n\n\n\n<p>Seg\u00fan las principales centrales obreras del pa\u00eds, desde la\nfirma del Acuerdo de Paz han sido asesinados 710 l\u00edderes sociales, lo que se\nsuma a los m\u00e1s de 3.000 dirigentes sindicales asesinados desde 1986.<\/p>\n\n\n\n<p>Por su parte, la Defensor\u00eda del Pueblo (ombudsman) sostiene\nque 982 l\u00edderes del pa\u00eds est\u00e1n amenazados, y que los narcotraficantes e\nintegrantes de las estructuras de miner\u00eda ilegal son, en su mayor\u00eda, los\nresponsables de los asesinatos.<\/p>\n\n\n\n<p>Un reporte reciente de ese organismo revel\u00f3 que un total de\n196 l\u00edderes sociales fueron asesinados en el pa\u00eds entre marzo de 2018 y mayo de\n2019.<\/p>\n\n\n\n<p>Adem\u00e1s, en ese periodo se registraron 1.608 conductas que\nvulneraron los derechos humanos de los l\u00edderes sociales, de las cuales 1.351\nfueron amenazas y 44 fueron atentados.<\/p>\n","protected":false},"excerpt":{"rendered":"<p>Miles de personas marchar\u00e1n en 57 ciudades de Colombia y 53 m\u00e1s en el extranjero para protestar por los asesinatos de l\u00edderes sociales en ese pa\u00eds y exigir al Gobierno de Iv\u00e1n Duque mayor protecci\u00f3n para ellos y los defensores de derechos humanos La marcha cuenta con el respaldo de diferentes sectores sociales y pol\u00edticos en Colombia, entre ellos congresistas de izquierda, sindicatos, estudiantes, ind\u00edgenas y del partido Fuerza Alternativa Revolucionaria del Com\u00fan (FARC, surgido tras la desmovilizaci\u00f3n de la guerrilla). En Bogot\u00e1, donde se espera una amplia participaci\u00f3n, la&#8230;<\/p>\n","protected":false},"author":3,"featured_media":48539,"comment_status":"closed","ping_status":"closed","sticky":false,"template":"","format":"standard","meta":[],"categories":[4],"tags":[],"_links":{"self":[{"href":"https:\/\/www.actualidadadiario.com\/index.php\/wp-json\/wp\/v2\/posts\/48538"}],"collection":[{"href":"https:\/\/www.actualidadadiario.com\/index.php\/wp-json\/wp\/v2\/posts"}],"about":[{"href":"https:\/\/www.actualidadadiario.com\/index.php\/wp-json\/wp\/v2\/types\/post"}],"author":[{"embeddable":true,"href":"https:\/\/www.actualidadadiario.com\/index.php\/wp-json\/wp\/v2\/users\/3"}],"replies":[{"embeddable":true,"href":"https:\/\/www.actualidadadiario.com\/index.php\/wp-json\/wp\/v2\/comments?post=48538"}],"version-history":[{"count":1,"href":"https:\/\/www.actualidadadiario.com\/index.php\/wp-json\/wp\/v2\/posts\/48538\/revisions"}],"predecessor-version":[{"id":48540,"href":"https:\/\/www.actualidadadiario.com\/index.php\/wp-json\/wp\/v2\/posts\/48538\/revisions\/48540"}],"wp:featuredmedia":[{"embeddable":true,"href":"https:\/\/www.actualidadadiario.com\/index.php\/wp-json\/wp\/v2\/media\/48539"}],"wp:attachment":[{"href":"https:\/\/www.actualidadadiario.com\/index.php\/wp-json\/wp\/v2\/media?parent=48538"}],"wp:term":[{"taxonomy":"category","embeddable":true,"href":"https:\/\/www.actualidadadiario.com\/index.php\/wp-json\/wp\/v2\/categories?post=48538"},{"taxonomy":"post_tag","embeddable":true,"href":"https:\/\/www.actualidadadiario.com\/index.php\/wp-json\/wp\/v2\/tags?post=48538"}],"curies":[{"name":"wp","href":"https:\/\/api.w.org\/{rel}","templated":true}]}}