{"id":48535,"date":"2019-07-26T10:46:31","date_gmt":"2019-07-26T13:46:31","guid":{"rendered":"https:\/\/www.actualidadadiario.com\/?p=48535"},"modified":"2019-07-26T10:46:31","modified_gmt":"2019-07-26T13:46:31","slug":"424-grados-arde-paris","status":"publish","type":"post","link":"https:\/\/www.actualidadadiario.com\/index.php\/2019\/07\/26\/424-grados-arde-paris\/","title":{"rendered":"42,4 grados, arde Par\u00eds"},"content":{"rendered":"\n<p><strong><em>Una ola de calor sacude a varios pa\u00edses europeos y quiz\u00e1s Par\u00eds sea la capital m\u00e1s afectada, pues, seg\u00fan M\u00e9t\u00e9o France, las altas temperaturas llegaron a los 42,4 grados registrados a las 15.20 (hora local), todo un r\u00e9cord<\/em><\/strong><\/p>\n\n\n\n<p><\/p>\n\n\n\n<p><\/p>\n\n\n\n<p>Se trata de un nivel de calor nunca antes alcanzado, al\nmenos en Par\u00eds, donde desde el inicio de estudios meteorol\u00f3gicos, en 1873, la\ncapital francesa jam\u00e1s hab\u00eda excedido el umbral de 40 grados, excepto el 28 de\njulio de 1947, cuando se registraron 40,4 grados. Temperaturas que han superado\nlos 40 grados tambi\u00e9n se registraron en B\u00e9lgica, Holanda y Alemania.<\/p>\n\n\n\n<p>Se lleg\u00f3 a 40,6 grados en Kleine Brogel, noreste del pa\u00eds,\ncerca de la frontera con Holanda, alrededor de las tres de la tarde.<\/p>\n\n\n\n<p>Adem\u00e1s de residentes y turistas, sufri\u00f3 el calor la red\nferroviaria belga, cuyos rieles est\u00e1n adaptados para soportar temperaturas\npromedio de 25 grados cent\u00edgrados.<\/p>\n\n\n\n<p>Tambi\u00e9n en Holanda la temperatura m\u00e1s alta fue fue de 40,4\ngrados cent\u00edgrados, seg\u00fan datos publicados por el Instituto de Meteorolog\u00eda. En\nAlemania, un nuevo r\u00e9cord hist\u00f3rico: en Geilenkirchen, en Renania del\nNorte-Westfalia, se alcanzaron los 40,5 grados. El r\u00e9cord anterior fue registrado\nhace cuatro a\u00f1os en Kitzingen, en Baviera, donde las temperaturas fueron de\n40,3 grados.<\/p>\n\n\n\n<p>Y el calor tambi\u00e9n lleg\u00f3 al Reino Unido, particularmente a\nInglaterra, con el punto m\u00e1s alto certificado en Cambridge con una temperatura\nde 38,1 grados, con el r\u00e9cord nacional absoluto de calor.<\/p>\n\n\n\n<p>La situaci\u00f3n clim\u00e1tica ha estado marcada por inconvenientes,\nalarmas en la salud p\u00fablica y asistencia m\u00e9dica.<\/p>\n","protected":false},"excerpt":{"rendered":"<p>Una ola de calor sacude a varios pa\u00edses europeos y quiz\u00e1s Par\u00eds sea la capital m\u00e1s afectada, pues, seg\u00fan M\u00e9t\u00e9o France, las altas temperaturas llegaron a los 42,4 grados registrados a las 15.20 (hora local), todo un r\u00e9cord Se trata de un nivel de calor nunca antes alcanzado, al menos en Par\u00eds, donde desde el inicio de estudios meteorol\u00f3gicos, en 1873, la capital francesa jam\u00e1s hab\u00eda excedido el umbral de 40 grados, excepto el 28 de julio de 1947, cuando se registraron 40,4 grados. Temperaturas que han superado los 40&#8230;<\/p>\n","protected":false},"author":3,"featured_media":48536,"comment_status":"closed","ping_status":"closed","sticky":false,"template":"","format":"standard","meta":[],"categories":[4],"tags":[],"_links":{"self":[{"href":"https:\/\/www.actualidadadiario.com\/index.php\/wp-json\/wp\/v2\/posts\/48535"}],"collection":[{"href":"https:\/\/www.actualidadadiario.com\/index.php\/wp-json\/wp\/v2\/posts"}],"about":[{"href":"https:\/\/www.actualidadadiario.com\/index.php\/wp-json\/wp\/v2\/types\/post"}],"author":[{"embeddable":true,"href":"https:\/\/www.actualidadadiario.com\/index.php\/wp-json\/wp\/v2\/users\/3"}],"replies":[{"embeddable":true,"href":"https:\/\/www.actualidadadiario.com\/index.php\/wp-json\/wp\/v2\/comments?post=48535"}],"version-history":[{"count":1,"href":"https:\/\/www.actualidadadiario.com\/index.php\/wp-json\/wp\/v2\/posts\/48535\/revisions"}],"predecessor-version":[{"id":48537,"href":"https:\/\/www.actualidadadiario.com\/index.php\/wp-json\/wp\/v2\/posts\/48535\/revisions\/48537"}],"wp:featuredmedia":[{"embeddable":true,"href":"https:\/\/www.actualidadadiario.com\/index.php\/wp-json\/wp\/v2\/media\/48536"}],"wp:attachment":[{"href":"https:\/\/www.actualidadadiario.com\/index.php\/wp-json\/wp\/v2\/media?parent=48535"}],"wp:term":[{"taxonomy":"category","embeddable":true,"href":"https:\/\/www.actualidadadiario.com\/index.php\/wp-json\/wp\/v2\/categories?post=48535"},{"taxonomy":"post_tag","embeddable":true,"href":"https:\/\/www.actualidadadiario.com\/index.php\/wp-json\/wp\/v2\/tags?post=48535"}],"curies":[{"name":"wp","href":"https:\/\/api.w.org\/{rel}","templated":true}]}}