{"id":48532,"date":"2019-07-26T10:45:30","date_gmt":"2019-07-26T13:45:30","guid":{"rendered":"https:\/\/www.actualidadadiario.com\/?p=48532"},"modified":"2019-07-26T10:45:30","modified_gmt":"2019-07-26T13:45:30","slug":"lider-laborista-pide-liberacion-de-lula","status":"publish","type":"post","link":"https:\/\/www.actualidadadiario.com\/index.php\/2019\/07\/26\/lider-laborista-pide-liberacion-de-lula\/","title":{"rendered":"L\u00edder laborista pide liberaci\u00f3n de Lula"},"content":{"rendered":"\n<p><strong><em>El l\u00edder del Partido Laborista brit\u00e1nico, Jeremy Corbyn, respald\u00f3 la libertad del expresidente brasile\u00f1o Luiz In\u00e1cio Lula da Silva, arrestado por una condena por corrupci\u00f3n y lavado de dinero en el marco de la causa Lava Jato<\/em><\/strong><\/p>\n\n\n\n<p><\/p>\n\n\n\n<p><\/p>\n\n\n\n<p>&#8220;La prisi\u00f3n de Lula es completamente inaceptable,\nestamos enviando solidaridad a Lula y pidiendo que salga de la prisi\u00f3n para que\npueda seguir trabajando como socialista, sindicalista y activista\npol\u00edtico&#8221;.<\/p>\n\n\n\n<p>Corbyn habl\u00f3 durante un encuentro del Foro Social Mundial\nque se realiza en Londres donde adem\u00e1s manifest\u00f3 su apoyo &#8220;con quienes\nest\u00e1n intentado defender la democracia&#8221; en Brasil.<\/p>\n\n\n\n<p>Lula est\u00e1 arrestado desde el 7 abril de 2018 en la\nSuperintendencia de la Polic\u00eda Federal en Curitiba por haber recibido\nilegalmente un departamento en la ciudad balnearia de Guaruj\u00e1, condena de\nprimer grado del exjuez Sergio Moro que fue ratificada en segunda y tercera\ninstancia.<\/p>\n\n\n\n<p>En la Superintendencia policial Lula recibi\u00f3 la semana\npasada al expresidente de Argentina Eduardo Duhalde y hace 14 d\u00edas a la\nperiodista espa\u00f1ola Pilar del R\u00edo, viuda del premio Nobel portugu\u00e9s Jos\u00e9\nSaramago.<\/p>\n","protected":false},"excerpt":{"rendered":"<p>El l\u00edder del Partido Laborista brit\u00e1nico, Jeremy Corbyn, respald\u00f3 la libertad del expresidente brasile\u00f1o Luiz In\u00e1cio Lula da Silva, arrestado por una condena por corrupci\u00f3n y lavado de dinero en el marco de la causa Lava Jato &#8220;La prisi\u00f3n de Lula es completamente inaceptable, estamos enviando solidaridad a Lula y pidiendo que salga de la prisi\u00f3n para que pueda seguir trabajando como socialista, sindicalista y activista pol\u00edtico&#8221;. Corbyn habl\u00f3 durante un encuentro del Foro Social Mundial que se realiza en Londres donde adem\u00e1s manifest\u00f3 su apoyo &#8220;con quienes est\u00e1n intentado&#8230;<\/p>\n","protected":false},"author":3,"featured_media":48533,"comment_status":"closed","ping_status":"closed","sticky":false,"template":"","format":"standard","meta":[],"categories":[4],"tags":[],"_links":{"self":[{"href":"https:\/\/www.actualidadadiario.com\/index.php\/wp-json\/wp\/v2\/posts\/48532"}],"collection":[{"href":"https:\/\/www.actualidadadiario.com\/index.php\/wp-json\/wp\/v2\/posts"}],"about":[{"href":"https:\/\/www.actualidadadiario.com\/index.php\/wp-json\/wp\/v2\/types\/post"}],"author":[{"embeddable":true,"href":"https:\/\/www.actualidadadiario.com\/index.php\/wp-json\/wp\/v2\/users\/3"}],"replies":[{"embeddable":true,"href":"https:\/\/www.actualidadadiario.com\/index.php\/wp-json\/wp\/v2\/comments?post=48532"}],"version-history":[{"count":1,"href":"https:\/\/www.actualidadadiario.com\/index.php\/wp-json\/wp\/v2\/posts\/48532\/revisions"}],"predecessor-version":[{"id":48534,"href":"https:\/\/www.actualidadadiario.com\/index.php\/wp-json\/wp\/v2\/posts\/48532\/revisions\/48534"}],"wp:featuredmedia":[{"embeddable":true,"href":"https:\/\/www.actualidadadiario.com\/index.php\/wp-json\/wp\/v2\/media\/48533"}],"wp:attachment":[{"href":"https:\/\/www.actualidadadiario.com\/index.php\/wp-json\/wp\/v2\/media?parent=48532"}],"wp:term":[{"taxonomy":"category","embeddable":true,"href":"https:\/\/www.actualidadadiario.com\/index.php\/wp-json\/wp\/v2\/categories?post=48532"},{"taxonomy":"post_tag","embeddable":true,"href":"https:\/\/www.actualidadadiario.com\/index.php\/wp-json\/wp\/v2\/tags?post=48532"}],"curies":[{"name":"wp","href":"https:\/\/api.w.org\/{rel}","templated":true}]}}