{"id":48523,"date":"2019-07-26T10:43:09","date_gmt":"2019-07-26T13:43:09","guid":{"rendered":"https:\/\/www.actualidadadiario.com\/?p=48523"},"modified":"2019-07-26T10:43:09","modified_gmt":"2019-07-26T13:43:09","slug":"cfk-presentara-el-libro-sinceramente-en-territorio-radical","status":"publish","type":"post","link":"https:\/\/www.actualidadadiario.com\/index.php\/2019\/07\/26\/cfk-presentara-el-libro-sinceramente-en-territorio-radical\/","title":{"rendered":"CFK presentar\u00e1 el libro \u201cSinceramente\u201d en territorio radical"},"content":{"rendered":"\n<p><strong><em>La precandidata a Vicepresidenta por el Frente de Todos contin\u00faa con su campa\u00f1a<\/em><\/strong><\/p>\n\n\n\n<p><\/p>\n\n\n\n<p><\/p>\n\n\n\n<p>La senadora nacional y precandidata a Vicepresidenta de la\nNaci\u00f3n por el Frente de Todos, Cristina Fern\u00e1ndez de Kirchner, llegar\u00e1 este\ns\u00e1bado a la Provincia de Mendoza para presentar su obra \u201cSinceramente\u201d. En\ntanto, hoy asistir\u00e1 a un acto en San Juan para recordar los 100 a\u00f1os del\nnacimiento de \u201cEvita\u201d en lo que ser\u00e1 su primera actividad pol\u00edtica sin libro en\nmano.<\/p>\n\n\n\n<p>Con la campa\u00f1a electoral en marcha hacia las Primarias que\nse avecinan y con una metodolog\u00eda at\u00edpica que mantiene a los integrantes de la\nf\u00f3rmula presidencial del Frente de Todos por separado, CFK tiene ya agenda\ncompleta. Tal como ha resuelto hacer, sus actos junto a la militancia se\nrealizan con la excusa de la presentaci\u00f3n de su libro.<\/p>\n\n\n\n<p>En una din\u00e1mica diferente a la escena pol\u00edtica m\u00e1s tradicional\nen \u00e9pocas de campa\u00f1a electoral, ya ha pasado por varias ciudades del interior\nde la Argentina y este s\u00e1bado llegar\u00e1 a territorio radical. La expresidenta,\nestar\u00e1 en la Provincia de Mendoza, gobernada por el titular de la Uni\u00f3n C\u00edvica\nRadical (UCR), Alfredo Cornejo, para presentar all\u00ed tambi\u00e9n \u201cSinceramente\u201d.<\/p>\n\n\n\n<p>Seg\u00fan est\u00e1 previsto, el acto se realizar\u00e1 desde las 15 horas\nen el Centro de Congresos y Exposiciones Francisco, en el Parque Agnesi, en la\nlocalidad de San Mart\u00edn a unos 45 kil\u00f3metros al este de la capital provincial.\nEn la jornada, estar\u00e1 acompa\u00f1ada de la candidata a gobernadora por el Frente de\nTodos, la senadora Anabel Fern\u00e1ndez Sagasti.<\/p>\n\n\n\n<p>Previamente, en la jornada de este viernes, la exmandataria\nestar\u00e1 en la Provincia de San Juan para conmemorar los 100 a\u00f1os del nacimiento\nde \u201cEvita\u201d, aunque el evento tendr\u00e1 lugar en la fecha en que se recuerda su\nfallecimiento. Igualmente, el dato del d\u00eda es que all\u00ed, CFK no presentar\u00e1 su\nlibro. Ser\u00e1 un acto pleno a poco m\u00e1s de dos semanas de las elecciones Primarias\ndel 11 de agosto.<\/p>\n\n\n\n<p>En tierra sanjuanina ser\u00e1 recibida por el Gobernador\nreelecto, Sergio U\u00f1ac, el primero en invitar a su provincia a Alberto Fern\u00e1ndez\napenas fue elegido por la senadora como precandidato a Presidente de la Naci\u00f3n,\nes decir su compa\u00f1ero de f\u00f3rmula. Estar\u00e1 tambi\u00e9n otro hijo de San Juan, padrino\npol\u00edtico de U\u00f1ac y Presidente del Partido Justicialista Nacional, Jos\u00e9 Luis\nGioja.<\/p>\n\n\n\n<p>Con agenda completa, en las \u00faltimas horas se conoci\u00f3 tambi\u00e9n\nque Cristina Fern\u00e1ndez de Kirchner presentar\u00e1 su obra escrita en el Partido\nbonaerense de Tigre el pr\u00f3ximo s\u00e1bado 3 de agosto, a una semana de los\ncomicios. En ese evento, ya confirmada, se dar\u00e1 la presencia del precandidato a\ndiputado nacional que encabeza la lista del Frente de Todos, Sergio Massa.<\/p>\n","protected":false},"excerpt":{"rendered":"<p>La precandidata a Vicepresidenta por el Frente de Todos contin\u00faa con su campa\u00f1a La senadora nacional y precandidata a Vicepresidenta de la Naci\u00f3n por el Frente de Todos, Cristina Fern\u00e1ndez de Kirchner, llegar\u00e1 este s\u00e1bado a la Provincia de Mendoza para presentar su obra \u201cSinceramente\u201d. En tanto, hoy asistir\u00e1 a un acto en San Juan para recordar los 100 a\u00f1os del nacimiento de \u201cEvita\u201d en lo que ser\u00e1 su primera actividad pol\u00edtica sin libro en mano. Con la campa\u00f1a electoral en marcha hacia las Primarias que se avecinan y con&#8230;<\/p>\n","protected":false},"author":3,"featured_media":48524,"comment_status":"closed","ping_status":"closed","sticky":false,"template":"","format":"standard","meta":[],"categories":[9],"tags":[],"_links":{"self":[{"href":"https:\/\/www.actualidadadiario.com\/index.php\/wp-json\/wp\/v2\/posts\/48523"}],"collection":[{"href":"https:\/\/www.actualidadadiario.com\/index.php\/wp-json\/wp\/v2\/posts"}],"about":[{"href":"https:\/\/www.actualidadadiario.com\/index.php\/wp-json\/wp\/v2\/types\/post"}],"author":[{"embeddable":true,"href":"https:\/\/www.actualidadadiario.com\/index.php\/wp-json\/wp\/v2\/users\/3"}],"replies":[{"embeddable":true,"href":"https:\/\/www.actualidadadiario.com\/index.php\/wp-json\/wp\/v2\/comments?post=48523"}],"version-history":[{"count":1,"href":"https:\/\/www.actualidadadiario.com\/index.php\/wp-json\/wp\/v2\/posts\/48523\/revisions"}],"predecessor-version":[{"id":48525,"href":"https:\/\/www.actualidadadiario.com\/index.php\/wp-json\/wp\/v2\/posts\/48523\/revisions\/48525"}],"wp:featuredmedia":[{"embeddable":true,"href":"https:\/\/www.actualidadadiario.com\/index.php\/wp-json\/wp\/v2\/media\/48524"}],"wp:attachment":[{"href":"https:\/\/www.actualidadadiario.com\/index.php\/wp-json\/wp\/v2\/media?parent=48523"}],"wp:term":[{"taxonomy":"category","embeddable":true,"href":"https:\/\/www.actualidadadiario.com\/index.php\/wp-json\/wp\/v2\/categories?post=48523"},{"taxonomy":"post_tag","embeddable":true,"href":"https:\/\/www.actualidadadiario.com\/index.php\/wp-json\/wp\/v2\/tags?post=48523"}],"curies":[{"name":"wp","href":"https:\/\/api.w.org\/{rel}","templated":true}]}}