{"id":48520,"date":"2019-07-26T10:42:32","date_gmt":"2019-07-26T13:42:32","guid":{"rendered":"https:\/\/www.actualidadadiario.com\/?p=48520"},"modified":"2019-07-26T10:42:32","modified_gmt":"2019-07-26T13:42:32","slug":"macri-y-vidal-visitan-mar-del-plata-una-ciudad-clave-para-el-oficialismo","status":"publish","type":"post","link":"https:\/\/www.actualidadadiario.com\/index.php\/2019\/07\/26\/macri-y-vidal-visitan-mar-del-plata-una-ciudad-clave-para-el-oficialismo\/","title":{"rendered":"Macri y Vidal visitan Mar del Plata, una ciudad clave para el oficialismo"},"content":{"rendered":"\n<p><strong><em>Los precandidatos recorrer\u00e1n el tercer distrito m\u00e1s poblado de la provincia de Buenos Aires y en el que se librar\u00e1 una dura interna entre Guillermo Montenegro y la radical Vilma Baragiola<\/em><\/strong><\/p>\n\n\n\n<p><\/p>\n\n\n\n<p><\/p>\n\n\n\n<p>El presidente Mauricio Macri y la gobernadora bonaerense, Mar\u00eda Eugenia Vidal, compartir\u00e1n en Mar del Plata un acto de campa\u00f1a de Juntos por el Cambio de cara a las PASO del 11 de agosto, junto a sus compa\u00f1eros de f\u00f3rmula, Miguel \u00c1ngel Pichetto y Daniel Salvador, adem\u00e1s del candidato a intendente, Guillermo Montenegro.<br>\nLa ceremonia tendr\u00e1 lugar desde las 18 en la sede del club de b\u00e1squet Quilmes de la ciudad balnearia y contar\u00e1 con el habitual formato de los actos del oficialismo con un escenario 360 grados ubicado en el centro del recinto.<br>\nMacri y Vidal regresan a Mar del Plata luego de que en enero pasado realizaran su \u00faltima actividad conjunta en esa ciudad, donde Juntos por el Cambio triunf\u00f3 en los comicios de 2017 y 2015.<br>\nNo obstante, en los \u00faltimos meses se desat\u00f3 una fuerte interna en el oficialismo por la ruptura entre el intendente actual, Carlos Arroyo, quien competir\u00e1 por su reelecci\u00f3n pero por fuera del sello Juntos por el Cambio, y Vidal.<br>\nLa gobernadora le quit\u00f3 el apoyo a Arroyo por diferencias en lo que refiere a la gesti\u00f3n y aval\u00f3 la candidatura del ex ministro de Seguridad porte\u00f1o Guillermo Montenegro.<br>\nEn ese marco, Vidal y Montenegro buscar\u00e1n un triunfo, aunque en un escenario de divisi\u00f3n con Arroyo en el que buscar\u00e1 sacar provecho la postulante del kirchnerismo para gobernar la ciudad, Fernanda Raverta.<br>\nSe espera que Macri, Vidal, Pichetto, Salvador y Montenegro sean los oradores del acto, mientras que participar\u00e1 tambi\u00e9n el primer candidato a diputado nacional por la provincia, Cristian Ritondo.<br>\nEn el marco de la campa\u00f1a para las PASO, la semana pasada hab\u00eda visitado Mar del Plata la candidata a la vicepresidencia del Frente de Todos, Cristina Kirchner, quien present\u00f3 all\u00ed su libro &#8220;Sinceramente&#8221;.<br>\nSucede que General Pueyrred\u00f3n, el municipio que contiene a Mar del Plata, es uno de los distritos que m\u00e1s tienen en cuenta los candidatos ya que es el tercero con mayor cantidad de votantes de toda la provincia (su padr\u00f3n supera las 566.000 personas), s\u00f3lo superado por La Matanza y La Plata.<\/p>\n","protected":false},"excerpt":{"rendered":"<p>Los precandidatos recorrer\u00e1n el tercer distrito m\u00e1s poblado de la provincia de Buenos Aires y en el que se librar\u00e1 una dura interna entre Guillermo Montenegro y la radical Vilma Baragiola El presidente Mauricio Macri y la gobernadora bonaerense, Mar\u00eda Eugenia Vidal, compartir\u00e1n en Mar del Plata un acto de campa\u00f1a de Juntos por el Cambio de cara a las PASO del 11 de agosto, junto a sus compa\u00f1eros de f\u00f3rmula, Miguel \u00c1ngel Pichetto y Daniel Salvador, adem\u00e1s del candidato a intendente, Guillermo Montenegro. La ceremonia tendr\u00e1 lugar desde las&#8230;<\/p>\n","protected":false},"author":3,"featured_media":48521,"comment_status":"closed","ping_status":"closed","sticky":false,"template":"","format":"standard","meta":[],"categories":[18],"tags":[],"_links":{"self":[{"href":"https:\/\/www.actualidadadiario.com\/index.php\/wp-json\/wp\/v2\/posts\/48520"}],"collection":[{"href":"https:\/\/www.actualidadadiario.com\/index.php\/wp-json\/wp\/v2\/posts"}],"about":[{"href":"https:\/\/www.actualidadadiario.com\/index.php\/wp-json\/wp\/v2\/types\/post"}],"author":[{"embeddable":true,"href":"https:\/\/www.actualidadadiario.com\/index.php\/wp-json\/wp\/v2\/users\/3"}],"replies":[{"embeddable":true,"href":"https:\/\/www.actualidadadiario.com\/index.php\/wp-json\/wp\/v2\/comments?post=48520"}],"version-history":[{"count":1,"href":"https:\/\/www.actualidadadiario.com\/index.php\/wp-json\/wp\/v2\/posts\/48520\/revisions"}],"predecessor-version":[{"id":48522,"href":"https:\/\/www.actualidadadiario.com\/index.php\/wp-json\/wp\/v2\/posts\/48520\/revisions\/48522"}],"wp:featuredmedia":[{"embeddable":true,"href":"https:\/\/www.actualidadadiario.com\/index.php\/wp-json\/wp\/v2\/media\/48521"}],"wp:attachment":[{"href":"https:\/\/www.actualidadadiario.com\/index.php\/wp-json\/wp\/v2\/media?parent=48520"}],"wp:term":[{"taxonomy":"category","embeddable":true,"href":"https:\/\/www.actualidadadiario.com\/index.php\/wp-json\/wp\/v2\/categories?post=48520"},{"taxonomy":"post_tag","embeddable":true,"href":"https:\/\/www.actualidadadiario.com\/index.php\/wp-json\/wp\/v2\/tags?post=48520"}],"curies":[{"name":"wp","href":"https:\/\/api.w.org\/{rel}","templated":true}]}}