{"id":48517,"date":"2019-07-26T10:41:49","date_gmt":"2019-07-26T13:41:49","guid":{"rendered":"https:\/\/www.actualidadadiario.com\/?p=48517"},"modified":"2019-07-26T10:41:49","modified_gmt":"2019-07-26T13:41:49","slug":"el-oficialismo-apunta-a-recuperar-el-voto-de-los-espacios-de-centroderecha","status":"publish","type":"post","link":"https:\/\/www.actualidadadiario.com\/index.php\/2019\/07\/26\/el-oficialismo-apunta-a-recuperar-el-voto-de-los-espacios-de-centroderecha\/","title":{"rendered":"El oficialismo apunta a recuperar el voto de los espacios de centroderecha"},"content":{"rendered":"\n<p><strong><em>El equipo de campa\u00f1a de Juntos por el Cambio impulsa una serie de medidas para seducir a los votantes de perfil conservador y retener los puntos que podr\u00edan perder en manos de los partidos de derecha en las elecciones. Orientados a temas castrenses, de seguridad, en contra del aborto o de corte econ\u00f3mico liberal, apuntan a los nutridos &#8220;segmentos&#8221; de seguridad, &#8221; celestes&#8221; y de &#8220;defensa y Fuerzas Armadas&#8221;<\/em><\/strong><\/p>\n\n\n\n<p><\/p>\n\n\n\n<p><\/p>\n\n\n\n<p>En la Casa Rosada est\u00e1n en alerta ante la posibilidad de\nperder algunos puntos de apoyo de votantes que los eligieron en 2015 y 2017,\npero se sienten desencantados con la gesti\u00f3n. Temen que se inclinen hacia\npropuestas como las de Jos\u00e9 Luis Espert (Despertar) o Juan Jos\u00e9 G\u00f3mez Centuri\u00f3n\n(NOS), quienes priorizan en sus discursos temas como la lucha contra la\ninseguridad, las posturas contra el aborto y la importancia de las Fuerzas\nArmadas.<\/p>\n\n\n\n<p>En el oficialismo aseguraron que los &#8220;segmentos&#8221;\n-palabra central de la estrategia macrista este a\u00f1o- relacionados con temas de\nseguridad, Fuerzas Armadas y &#8220;celestes&#8221; son importantes por el caudal\nde votantes que integran.<\/p>\n\n\n\n<p><strong>Medidas<\/strong><\/p>\n\n\n\n<p>La semana pasada anunciaron el Servicio C\u00edvico Voluntario\npara que la Gendarmer\u00eda &#8220;forme en valores&#8221; a j\u00f3venes de 16 a 20 a\u00f1os\nque no estudian ni trabajan. Y hace diez d\u00edas realizaron un importante\ndespliegue por el D\u00eda de la Independencia, que el a\u00f1o pasado se hab\u00eda\nsuspendido por razones presupuestarias. El desfile militar y la presencia de\nMauricio Macri en la fiesta del 9 de Julio fueron un mensaje claro para los\nvotantes que priorizan el lugar que se les otorga a las Fuerzas Armadas en el\nesquema estatal.<\/p>\n\n\n\n<p>En t\u00e9rminos civiles, la inclusi\u00f3n de referentes de Cambiemos\ncon posturas contrarias al aborto (&#8220;celestes&#8221;) en el armado de listas\ny la invitaci\u00f3n a la diputada provincial electa Amalia Granata a la Casa Rosada\nfueron muestras de acercamiento a sectores conservadores afines al Gobierno,\nque quedaron disconformes con el debate sobre la legalizaci\u00f3n de la\ninterrupci\u00f3n voluntaria del embarazo.<\/p>\n\n\n\n<p>En cuanto a medidas econ\u00f3micas, la semana pasada Macri\nadelant\u00f3 a empresarios que el Gobierno dialoga con Brasil sobre la posibilidad\nde avanzar con un tratado de libre comercio con Estados Unidos. Y mencion\u00f3\nnegociaciones con el EFTA (que integran Suiza, Islandia, Noruega y\nLiechtenstein) y Canad\u00e1.<\/p>\n\n\n\n<p>En el comando de campa\u00f1a de Juntos por el Cambio destacaron,\nsin embargo, que el foco principal de la campa\u00f1a es mostrar obra p\u00fablica. El martes\nde la semana pasada, por ejemplo, Macri estuvo en Campo de Mayo junto a la\nministra de Seguridad, Patricia Bullrich, por el anuncio del Servicio C\u00edvico\nVoluntario, y encabez\u00f3 la inauguraci\u00f3n del metrob\u00fas de San Mart\u00edn, junto a la\ngobernadora Mar\u00eda Eugenia Vidal. Entre ambas, la actividad considerada\n&#8220;principal&#8221; del d\u00eda fue la segunda.<\/p>\n\n\n\n<p>Mientras tanto, los frentes Despertar y NOS (que proyectan\nobtener, respectivamente, 8 y 6 puntos) consideran que las medidas anunciadas\nson una reacci\u00f3n al desarrollo de sus espacios. &#8220;Ellos nos quieren robar\nvotos a nosotros&#8221;, dijo a LA NACION una fuente cercana a Espert.\n&#8220;Nuestra mera presencia en la calle ha obligado al Gobierno a correr la\nagenda. En un ataque fren\u00e9tico de liberalismo, ahora firman tratados de libre comercio\npor todos lados&#8221;, ejemplificaron.<\/p>\n\n\n\n<p>En igual sentido se manifestaron en el espacio de G\u00f3mez\nCenturi\u00f3n. &#8220;Ven que por el lado militar y de las fuerzas de seguridad hay\nun mill\u00f3n de votantes descontentos. Por eso hicieron el desfile militar y la\npaparruchada del servicio c\u00edvico&#8221;, dijeron. Y evaluaron las medidas de\norden castrense como &#8220;marketineras&#8221;.<\/p>\n","protected":false},"excerpt":{"rendered":"<p>El equipo de campa\u00f1a de Juntos por el Cambio impulsa una serie de medidas para seducir a los votantes de perfil conservador y retener los puntos que podr\u00edan perder en manos de los partidos de derecha en las elecciones. Orientados a temas castrenses, de seguridad, en contra del aborto o de corte econ\u00f3mico liberal, apuntan a los nutridos &#8220;segmentos&#8221; de seguridad, &#8221; celestes&#8221; y de &#8220;defensa y Fuerzas Armadas&#8221; En la Casa Rosada est\u00e1n en alerta ante la posibilidad de perder algunos puntos de apoyo de votantes que los eligieron&#8230;<\/p>\n","protected":false},"author":3,"featured_media":48518,"comment_status":"closed","ping_status":"closed","sticky":false,"template":"","format":"standard","meta":[],"categories":[18],"tags":[],"_links":{"self":[{"href":"https:\/\/www.actualidadadiario.com\/index.php\/wp-json\/wp\/v2\/posts\/48517"}],"collection":[{"href":"https:\/\/www.actualidadadiario.com\/index.php\/wp-json\/wp\/v2\/posts"}],"about":[{"href":"https:\/\/www.actualidadadiario.com\/index.php\/wp-json\/wp\/v2\/types\/post"}],"author":[{"embeddable":true,"href":"https:\/\/www.actualidadadiario.com\/index.php\/wp-json\/wp\/v2\/users\/3"}],"replies":[{"embeddable":true,"href":"https:\/\/www.actualidadadiario.com\/index.php\/wp-json\/wp\/v2\/comments?post=48517"}],"version-history":[{"count":1,"href":"https:\/\/www.actualidadadiario.com\/index.php\/wp-json\/wp\/v2\/posts\/48517\/revisions"}],"predecessor-version":[{"id":48519,"href":"https:\/\/www.actualidadadiario.com\/index.php\/wp-json\/wp\/v2\/posts\/48517\/revisions\/48519"}],"wp:featuredmedia":[{"embeddable":true,"href":"https:\/\/www.actualidadadiario.com\/index.php\/wp-json\/wp\/v2\/media\/48518"}],"wp:attachment":[{"href":"https:\/\/www.actualidadadiario.com\/index.php\/wp-json\/wp\/v2\/media?parent=48517"}],"wp:term":[{"taxonomy":"category","embeddable":true,"href":"https:\/\/www.actualidadadiario.com\/index.php\/wp-json\/wp\/v2\/categories?post=48517"},{"taxonomy":"post_tag","embeddable":true,"href":"https:\/\/www.actualidadadiario.com\/index.php\/wp-json\/wp\/v2\/tags?post=48517"}],"curies":[{"name":"wp","href":"https:\/\/api.w.org\/{rel}","templated":true}]}}