{"id":48511,"date":"2019-07-26T10:40:29","date_gmt":"2019-07-26T13:40:29","guid":{"rendered":"https:\/\/www.actualidadadiario.com\/?p=48511"},"modified":"2019-07-26T10:40:29","modified_gmt":"2019-07-26T13:40:29","slug":"marcos-pena-llama-a-la-militancia-macrista-a-divertirse-en-la-campana","status":"publish","type":"post","link":"https:\/\/www.actualidadadiario.com\/index.php\/2019\/07\/26\/marcos-pena-llama-a-la-militancia-macrista-a-divertirse-en-la-campana\/","title":{"rendered":"Marcos Pe\u00f1a llama a la militancia macrista a divertirse en la campa\u00f1a"},"content":{"rendered":"\n<p><strong><em>Hizo circular un audio por WhatsApp para motivar a la tropa PRO y a los militantes de la red de voluntarios Defensores del Cambio. &#8220;Sigan laburando, sumando gente y aportando contenidos&#8221;, alent\u00f3<\/em><\/strong><\/p>\n\n\n\n<p><\/p>\n\n\n\n<p><\/p>\n\n\n\n<p>A tono con el presidente Mauricio Macri y la gobernadora de\nla provincia de Buenos Aires, Mar\u00eda Eugenia Vidal, el jefe de Gabinete, Marcos\nPe\u00f1a, se sum\u00f3 a la campa\u00f1a por WhatsApp y elabor\u00f3 un audio de 30 segundos en\nque le habla a la militancia PRO y la motiva a &#8220;sumar gente&#8221; y a\n&#8220;disfrutar&#8221; y &#8220;divertirse&#8221; en la campa\u00f1a para la reelecci\u00f3n\nde Juntos por el Cambio.<\/p>\n\n\n\n<p>&#8220;\u00bfHola c\u00f3mo andan los chicos y chicas de este grupo?\nLos protagonistas. Soy Marcos Pe\u00f1a, quer\u00eda agradecerles y pedirles que sigan\nlaburando as\u00ed, que sigan sumando gente y aportando contenidos&#8221;, sostiene\nel jefe de Gabinete y de campa\u00f1a.<\/p>\n\n\n\n<p>Este mensaje es parte de los contenidos de campa\u00f1a por el\nservicio de mensajer\u00eda instant\u00e1nea que ensaya el PRO para esta carrera\nproselitista. El Presidente lo hizo en un chat con empresarios y con argentinos\nque le escriben cartas, mientras que la gobernadora hace lo propio y hasta se\ncomunic\u00f3 por esa v\u00eda con una estudiante de la Universidad Austral que para el\ntrabajo final de su maestr\u00eda decidi\u00f3 analizar el discurso de Vidal.<\/p>\n\n\n\n<p>Disfruten de esta campa\u00f1a Vivir una campa\u00f1a presidencial es\nalgo \u00fanico y ser testigos de la historia es algo que los va a marcar para\nsiempre. Inviten a muchos m\u00e1s a ser parte, sumarse, divertirse y vivir esta aventura\n\u00fanica, finaliz\u00f3.<\/p>\n","protected":false},"excerpt":{"rendered":"<p>Hizo circular un audio por WhatsApp para motivar a la tropa PRO y a los militantes de la red de voluntarios Defensores del Cambio. &#8220;Sigan laburando, sumando gente y aportando contenidos&#8221;, alent\u00f3 A tono con el presidente Mauricio Macri y la gobernadora de la provincia de Buenos Aires, Mar\u00eda Eugenia Vidal, el jefe de Gabinete, Marcos Pe\u00f1a, se sum\u00f3 a la campa\u00f1a por WhatsApp y elabor\u00f3 un audio de 30 segundos en que le habla a la militancia PRO y la motiva a &#8220;sumar gente&#8221; y a &#8220;disfrutar&#8221; y &#8220;divertirse&#8221;&#8230;<\/p>\n","protected":false},"author":3,"featured_media":48512,"comment_status":"closed","ping_status":"closed","sticky":false,"template":"","format":"standard","meta":[],"categories":[18],"tags":[],"_links":{"self":[{"href":"https:\/\/www.actualidadadiario.com\/index.php\/wp-json\/wp\/v2\/posts\/48511"}],"collection":[{"href":"https:\/\/www.actualidadadiario.com\/index.php\/wp-json\/wp\/v2\/posts"}],"about":[{"href":"https:\/\/www.actualidadadiario.com\/index.php\/wp-json\/wp\/v2\/types\/post"}],"author":[{"embeddable":true,"href":"https:\/\/www.actualidadadiario.com\/index.php\/wp-json\/wp\/v2\/users\/3"}],"replies":[{"embeddable":true,"href":"https:\/\/www.actualidadadiario.com\/index.php\/wp-json\/wp\/v2\/comments?post=48511"}],"version-history":[{"count":1,"href":"https:\/\/www.actualidadadiario.com\/index.php\/wp-json\/wp\/v2\/posts\/48511\/revisions"}],"predecessor-version":[{"id":48513,"href":"https:\/\/www.actualidadadiario.com\/index.php\/wp-json\/wp\/v2\/posts\/48511\/revisions\/48513"}],"wp:featuredmedia":[{"embeddable":true,"href":"https:\/\/www.actualidadadiario.com\/index.php\/wp-json\/wp\/v2\/media\/48512"}],"wp:attachment":[{"href":"https:\/\/www.actualidadadiario.com\/index.php\/wp-json\/wp\/v2\/media?parent=48511"}],"wp:term":[{"taxonomy":"category","embeddable":true,"href":"https:\/\/www.actualidadadiario.com\/index.php\/wp-json\/wp\/v2\/categories?post=48511"},{"taxonomy":"post_tag","embeddable":true,"href":"https:\/\/www.actualidadadiario.com\/index.php\/wp-json\/wp\/v2\/tags?post=48511"}],"curies":[{"name":"wp","href":"https:\/\/api.w.org\/{rel}","templated":true}]}}