{"id":48505,"date":"2019-07-26T10:39:09","date_gmt":"2019-07-26T13:39:09","guid":{"rendered":"https:\/\/www.actualidadadiario.com\/?p=48505"},"modified":"2019-07-26T10:39:09","modified_gmt":"2019-07-26T13:39:09","slug":"alberto-llego-a-santa-fe-con-un-plan-federal-y-la-promesa-de-cerrar-la-grieta","status":"publish","type":"post","link":"https:\/\/www.actualidadadiario.com\/index.php\/2019\/07\/26\/alberto-llego-a-santa-fe-con-un-plan-federal-y-la-promesa-de-cerrar-la-grieta\/","title":{"rendered":"Alberto lleg\u00f3 a Santa Fe con un plan federal y la promesa de cerrar la grieta"},"content":{"rendered":"\n<p><strong><em>El precandidato presidencial recorre el norte santafesino junto a Perotti, gobernador electo. Propuso, si es electo presidente, la firma de un compromiso &#8220;provincia por provincia&#8221;<\/em><\/strong><\/p>\n\n\n\n<p><\/p>\n\n\n\n<p><\/p>\n\n\n\n<p>El precandidato presidencial del Frente de Todos, Alberto\nFern\u00e1ndez, aterriz\u00f3 en Santa Fe, donde fue recibido por el gobernador electo\nOmar Perotti. Desde all\u00ed afirm\u00f3 que su \u201cmayor anhelo es que despu\u00e9s de cuatro\na\u00f1os la Argentina sea m\u00e1s federal\u201d. En ese marco, subray\u00f3: \u201cNo esperen que yo\nprofundice la grieta, porque conmigo se termina la grieta\u201d. Acompa\u00f1ado del\nrafaelino, prometi\u00f3 que durante su mandato \u201clo que Santa Fe genere va a volver\na Santa Fe\u201d. <\/p>\n\n\n\n<p>Fern\u00e1ndez recorrer\u00e1 entre jueves y viernes el centro norte\nde la provincia. Arrib\u00f3 a media ma\u00f1ana a Reconquista, bien al norte, luego se\ntraslad\u00f3 a Rafaela, el terru\u00f1o de Perotti, y cerrar\u00e1 la jornada en Esperanza. Este\nviernes tiene agenda en la ciudad de Santa Fe y para m\u00e1s adelante quedar\u00e1\nRosario.<\/p>\n\n\n\n<p>\u201cVamos a volcar al desarrollo de las regiones lo que el\nGobierno gasta en las Lelics\u201d, anunci\u00f3 Fern\u00e1ndez y se refiri\u00f3 a la matriz\nimpositiva del Estado nacional al sostener: \u201cVivimos en una Argentina\nconcentrada, que le hace muy mal a las provincias\u201d. \u201cCon Omar lo hablamos mucho\ny \u00e9l me dio una idea, que es ver, provincia por provincia, la firma de un\ncompromiso para resolver estos problemas\u201d, agreg\u00f3. <\/p>\n\n\n\n<p>En efecto, Perotti comprometi\u00f3 a Fern\u00e1ndez a firmar un acta\nde obras provinciales que necesita Santa Fe y deben ser ejecutadas por el\ngobierno nacional.<\/p>\n\n\n\n<p>\u201cMi mayor anhelo es que despu\u00e9s de cuatro a\u00f1os, la Argentina\nsea m\u00e1s federal. Lo \u00fanico que me preocupa es trabajar por los argentinos.\nSentarme r\u00e1pido con Omar y los dem\u00e1s gobernadores para ver c\u00f3mo construimos un\npa\u00eds m\u00e1s igual\u201d, indic\u00f3 Fern\u00e1ndez. <\/p>\n\n\n\n<p>Perotti, en tanto, destac\u00f3 que la presencia de Fern\u00e1ndez en\nSanta Fe es \u201ccentral\u201d. \u201cSentimos que, como provincia, hemos estado mucho tiempo\ndesconectados de una relaci\u00f3n arm\u00f3nica con la Naci\u00f3n y eso se nota, lo paga\nnuestra gente. Por lo cual, hay que recuperar tiempo y el estar hoy ac\u00e1 con\nAlberto tiene que ver con esa l\u00ednea\u201d, indic\u00f3 y record\u00f3: \u201cA m\u00ed me toc\u00f3 ser\nintendente cuando \u00e9l era jefe de Gabinete. Ve\u00eda c\u00f3mo los gobernadores ten\u00edan en\n\u00e9l alguien con quien hablar permanentemente de sus temas&#8221;.<\/p>\n\n\n\n<p>Otro que se pleg\u00f3 a la visita y lo sigue a todos lados a\nFern\u00e1ndez es el primer candidato a diputado nacional de Todos en Santa Fe, el\ncamporista Marcos Cleri. El legislador, que busca renovar su banca en el\nCongreso, destac\u00f3: \u201cLa presencia de Alberto Fern\u00e1ndez en nuestra provincia, el\nv\u00ednculo que est\u00e1n consolidando con el gobernador electo Omar Perotti,\nmultiplican la esperanza de las santafesinas y santafesinos\u201d. <\/p>\n\n\n\n<p>\u201cLas recientes elecciones provinciales marcaron una clara\nadhesi\u00f3n a estos principios, por eso es important\u00edsimo que la f\u00f3rmula del\nFrente de Todos gane ahora las elecciones nacionales. Con los gobiernos\nnacional y provincial en armon\u00eda, Santa Fe va a poder desplegar toda su\npotencia econ\u00f3mica y dar vuelta la p\u00e1gina de estos \u00faltimos a\u00f1os de\nparalizaci\u00f3n, cierres de empresas y comercios, desocupaci\u00f3n, empobrecimiento de\nmiles de familias, abandono de la educaci\u00f3n y la salud\u201d, se\u00f1al\u00f3 Cleri.<\/p>\n","protected":false},"excerpt":{"rendered":"<p>El precandidato presidencial recorre el norte santafesino junto a Perotti, gobernador electo. Propuso, si es electo presidente, la firma de un compromiso &#8220;provincia por provincia&#8221; El precandidato presidencial del Frente de Todos, Alberto Fern\u00e1ndez, aterriz\u00f3 en Santa Fe, donde fue recibido por el gobernador electo Omar Perotti. Desde all\u00ed afirm\u00f3 que su \u201cmayor anhelo es que despu\u00e9s de cuatro a\u00f1os la Argentina sea m\u00e1s federal\u201d. En ese marco, subray\u00f3: \u201cNo esperen que yo profundice la grieta, porque conmigo se termina la grieta\u201d. Acompa\u00f1ado del rafaelino, prometi\u00f3 que durante su mandato&#8230;<\/p>\n","protected":false},"author":3,"featured_media":48506,"comment_status":"closed","ping_status":"closed","sticky":false,"template":"","format":"standard","meta":[],"categories":[18],"tags":[],"_links":{"self":[{"href":"https:\/\/www.actualidadadiario.com\/index.php\/wp-json\/wp\/v2\/posts\/48505"}],"collection":[{"href":"https:\/\/www.actualidadadiario.com\/index.php\/wp-json\/wp\/v2\/posts"}],"about":[{"href":"https:\/\/www.actualidadadiario.com\/index.php\/wp-json\/wp\/v2\/types\/post"}],"author":[{"embeddable":true,"href":"https:\/\/www.actualidadadiario.com\/index.php\/wp-json\/wp\/v2\/users\/3"}],"replies":[{"embeddable":true,"href":"https:\/\/www.actualidadadiario.com\/index.php\/wp-json\/wp\/v2\/comments?post=48505"}],"version-history":[{"count":1,"href":"https:\/\/www.actualidadadiario.com\/index.php\/wp-json\/wp\/v2\/posts\/48505\/revisions"}],"predecessor-version":[{"id":48507,"href":"https:\/\/www.actualidadadiario.com\/index.php\/wp-json\/wp\/v2\/posts\/48505\/revisions\/48507"}],"wp:featuredmedia":[{"embeddable":true,"href":"https:\/\/www.actualidadadiario.com\/index.php\/wp-json\/wp\/v2\/media\/48506"}],"wp:attachment":[{"href":"https:\/\/www.actualidadadiario.com\/index.php\/wp-json\/wp\/v2\/media?parent=48505"}],"wp:term":[{"taxonomy":"category","embeddable":true,"href":"https:\/\/www.actualidadadiario.com\/index.php\/wp-json\/wp\/v2\/categories?post=48505"},{"taxonomy":"post_tag","embeddable":true,"href":"https:\/\/www.actualidadadiario.com\/index.php\/wp-json\/wp\/v2\/tags?post=48505"}],"curies":[{"name":"wp","href":"https:\/\/api.w.org\/{rel}","templated":true}]}}