{"id":4850,"date":"2016-11-22T10:00:51","date_gmt":"2016-11-22T13:00:51","guid":{"rendered":"http:\/\/actualidadadiario.com\/site\/?p=4850"},"modified":"2016-11-22T10:00:51","modified_gmt":"2016-11-22T13:00:51","slug":"macri-ahora-va-contra-los-convenios-laborales-hay-que-discutirlos-todos-de-vuelta","status":"publish","type":"post","link":"https:\/\/www.actualidadadiario.com\/index.php\/2016\/11\/22\/macri-ahora-va-contra-los-convenios-laborales-hay-que-discutirlos-todos-de-vuelta\/","title":{"rendered":"Macri ahora va contra los convenios laborales: &#8221;Hay que discutirlos todos de vuelta&#8221;"},"content":{"rendered":"<p><em><strong>Tiemblan los trabajadores cada vez que el presidente lanza una nueva medida, aunque esta vez s\u00f3lo expuso su anhelo. El mandatario carg\u00f3 nuevamente contra los sindicatos y contra los convenios laborales<\/strong><\/em><\/p>\n<p>&nbsp;<\/p>\n<p>&nbsp;<\/p>\n<p>&nbsp;<\/p>\n<p>&nbsp;<\/p>\n<p>&nbsp;<\/p>\n<p>Mientras los argentinos pierden derechos todos los d\u00edas desde la asunci\u00f3n de Mauricio Macri, el presidente parece no conformarse con haber generado una importante p\u00e9rdida del poder adquisitivo a partir de sus medidas, y ahora va contra los convenios laborales.<\/p>\n<p>&nbsp;<\/p>\n<p>Acompa\u00f1ado por el jefe de Gobierno porte\u00f1o, Horacio Rodr\u00edguez Larreta; el ministro de Educaci\u00f3n, Esteban Bullrich; y expertos en publicidad y marketing, el mandatario asegur\u00f3 que \u201chay que discutir todos los convenios laborales de vuelta\u201d.<\/p>\n<p>&nbsp;<\/p>\n<p>Durante la convenci\u00f3n, Macri pidi\u00f3 por una inmediata \u201crenovaci\u00f3n interna sindical\u201d y sostuvo que el pa\u00eds necesita que \u201clos gremios tengan capacidad de pensarse\u201d, adem\u00e1s de criticar que los sindicatos est\u00e9n conducidos por los mismos dirigentes desde hace 20 o 30 a\u00f1os.<\/p>\n","protected":false},"excerpt":{"rendered":"<p>Tiemblan los trabajadores cada vez que el presidente lanza una nueva medida, aunque esta vez s\u00f3lo expuso su anhelo. El mandatario carg\u00f3 nuevamente contra los sindicatos y contra los convenios laborales &nbsp; &nbsp; &nbsp; &nbsp; &nbsp; Mientras los argentinos pierden derechos todos los d\u00edas desde la asunci\u00f3n de Mauricio Macri, el presidente parece no conformarse con haber generado una importante p\u00e9rdida del poder adquisitivo a partir de sus medidas, y ahora va contra los convenios laborales. &nbsp; Acompa\u00f1ado por el jefe de Gobierno porte\u00f1o, Horacio Rodr\u00edguez Larreta; el ministro de&#8230;<\/p>\n","protected":false},"author":3,"featured_media":4851,"comment_status":"closed","ping_status":"closed","sticky":false,"template":"","format":"standard","meta":[],"categories":[9],"tags":[],"_links":{"self":[{"href":"https:\/\/www.actualidadadiario.com\/index.php\/wp-json\/wp\/v2\/posts\/4850"}],"collection":[{"href":"https:\/\/www.actualidadadiario.com\/index.php\/wp-json\/wp\/v2\/posts"}],"about":[{"href":"https:\/\/www.actualidadadiario.com\/index.php\/wp-json\/wp\/v2\/types\/post"}],"author":[{"embeddable":true,"href":"https:\/\/www.actualidadadiario.com\/index.php\/wp-json\/wp\/v2\/users\/3"}],"replies":[{"embeddable":true,"href":"https:\/\/www.actualidadadiario.com\/index.php\/wp-json\/wp\/v2\/comments?post=4850"}],"version-history":[{"count":1,"href":"https:\/\/www.actualidadadiario.com\/index.php\/wp-json\/wp\/v2\/posts\/4850\/revisions"}],"predecessor-version":[{"id":4852,"href":"https:\/\/www.actualidadadiario.com\/index.php\/wp-json\/wp\/v2\/posts\/4850\/revisions\/4852"}],"wp:featuredmedia":[{"embeddable":true,"href":"https:\/\/www.actualidadadiario.com\/index.php\/wp-json\/wp\/v2\/media\/4851"}],"wp:attachment":[{"href":"https:\/\/www.actualidadadiario.com\/index.php\/wp-json\/wp\/v2\/media?parent=4850"}],"wp:term":[{"taxonomy":"category","embeddable":true,"href":"https:\/\/www.actualidadadiario.com\/index.php\/wp-json\/wp\/v2\/categories?post=4850"},{"taxonomy":"post_tag","embeddable":true,"href":"https:\/\/www.actualidadadiario.com\/index.php\/wp-json\/wp\/v2\/tags?post=4850"}],"curies":[{"name":"wp","href":"https:\/\/api.w.org\/{rel}","templated":true}]}}