{"id":48484,"date":"2019-07-26T10:33:59","date_gmt":"2019-07-26T13:33:59","guid":{"rendered":"https:\/\/www.actualidadadiario.com\/?p=48484"},"modified":"2019-07-26T10:33:59","modified_gmt":"2019-07-26T13:33:59","slug":"en-la-primera-quincena-de-julio-el-consumo-masivo-cayo-11","status":"publish","type":"post","link":"https:\/\/www.actualidadadiario.com\/index.php\/2019\/07\/26\/en-la-primera-quincena-de-julio-el-consumo-masivo-cayo-11\/","title":{"rendered":"En la primera quincena de julio, el consumo masivo cay\u00f3 11%"},"content":{"rendered":"\n<p><strong><em>Compra de alimentos disminuy\u00f3 11,9% y los art\u00edculos de higiene personal se derrumbaron 12%<\/em><\/strong><\/p>\n\n\n\n<p><\/p>\n\n\n\n<p><\/p>\n\n\n\n<p>Durante la primera quincena de julio, el consumo masivo se\nderrumb\u00f3 un 11,1% en la Argentina, sosteniendo la tendencia negativa de los\n\u00faltimos 18 meses.<\/p>\n\n\n\n<p>De acuerdo con un informe de la consultora Focus Market, la\ncomercializaci\u00f3n de alimentos en los primeros quince d\u00edas de julio cay\u00f3 un\n11,9%; las bebidas, 9%; adem\u00e1s de cifras muy elocuentes en otros segmentos\nclave del consumo donde la limpieza cay\u00f3 18% y el &#8220;cuidado personal&#8221;,\n12%.<\/p>\n\n\n\n<p>Por su parte, el an\u00e1lisis &#8220;Consumer Insigths&#8221; que\nrealiza Kantar Worldpanel, en base al consumo de los hogares argentinos, mostr\u00f3\nque la canasta de consumo masivo cay\u00f3 un 9% en junio -con respecto al mismo mes\ndel a\u00f1o pasado-, y los sectores con mejores resultados fueron l\u00f3gicamente\nalimentos secos e infusiones.<\/p>\n\n\n\n<p>As\u00ed, para la consultora Kantar, el primer semestre del a\u00f1o\ncerr\u00f3 negativo en un 8% -al comparar contra el mismo per\u00edodo del 2018-,\nmientras que las estimaciones para el segundo semestre prev\u00e9n una recuperaci\u00f3n\nen los \u00faltimos meses y proyectan terminar el a\u00f1o con una ca\u00edda de un 4%\nrespecto al a\u00f1o pasado.<\/p>\n\n\n\n<p>&#8220;Al analizar puntualmente el comportamiento de junio,\nhay que tener en cuenta que la base de comparaci\u00f3n es at\u00edpica, debido al\ndesarrollo en ese momento de la Copa Mundial de la FIFA Rusia 2018 que gener\u00f3\nuna alta actividad promocional de productos y un mix de consumo masivo\ndiferentes al habitual para ese mes&#8221;, explic\u00f3 Roberto V\u00e1zquez Ferrero,\ndirector general de la Divisi\u00f3n Worldpanel de Kantar.<\/p>\n\n\n\n<p><strong>Comportamiento\ntrimestral<\/strong><\/p>\n\n\n\n<p>El consumo tuvo una baja de un 9% en el primer trimestre del\na\u00f1o, y en el segundo se desaceler\u00f3 la ca\u00edda y cerr\u00f3 negativo en un 7%. Las\nreducciones se dieron en todos los sectores, niveles socio econ\u00f3micos, regiones\ny en los puntos de abastecimiento como hipermercados, supermercados,\n&#8220;cercan\u00eda&#8221; y autoservicio.<\/p>\n\n\n\n<p>En el segundo trimestre, alimentos cae un 4% principalmente\nimpulsado por el comportamiento de sopas y conservas; infusiones un 5% por la\ndisminuci\u00f3n del consumo de caf\u00e9 y cacao en polvo; l\u00e1cteos un 12% marcado por\nleches l\u00edquidas y saborizadas junto a postres; congelados un 13% por papas,\nvegetales y hamburguesas; bebidas un 11% dado por los jugos, aguas y amargos;\ncuidado personal un 4% por cremas corporales y desodorantes; y cuidado del\nhogar un 9% por suavizantes y desodorante de ambiente.<\/p>\n\n\n\n<p>Por \u00faltimo, al analizar los niveles socioecon\u00f3micos, todos\nreducen su consumo de la canasta pr\u00e1cticamente al mismo nivel en el segundo\ntrimestre de este a\u00f1o, pero la base de la pir\u00e1mide es la que registra la mayor\nca\u00edda.<\/p>\n\n\n\n<p>En cambio, para Focus Market, el primer semestre concluy\u00f3\ncon una ca\u00edda del consumo de 10,6%, como adelant\u00f3 este medio. Las variaciones\nnegativas en el GBA, al igual que el mes anterior, medidas tanto en unidades\ncomo en consumo, fueron m\u00e1s profundas que en el Interior.<\/p>\n\n\n\n<p>Las transacciones, con una variaci\u00f3n del -4,55% vs en el\nmismo periodo, indican que sigue la tendencia de menos unidades por acto de\ncompra. En junio, ese indicador fue de 4,51 (frente a 4,65 del a\u00f1o pasado). El\nticket promedio llega en junio a $217.<\/p>\n\n\n\n<p>La variaci\u00f3n de precios acumulada de productos empaquetados\nes del 54,3%, donde &#8220;Cuidado Personal&#8221; es la que presenta un\nincremento mayor (65%), seguido por Alimentos (58%) y limpieza (56%) y\nfinalmente Bebidas con el menor incremento (42%).<\/p>\n","protected":false},"excerpt":{"rendered":"<p>Compra de alimentos disminuy\u00f3 11,9% y los art\u00edculos de higiene personal se derrumbaron 12% Durante la primera quincena de julio, el consumo masivo se derrumb\u00f3 un 11,1% en la Argentina, sosteniendo la tendencia negativa de los \u00faltimos 18 meses. De acuerdo con un informe de la consultora Focus Market, la comercializaci\u00f3n de alimentos en los primeros quince d\u00edas de julio cay\u00f3 un 11,9%; las bebidas, 9%; adem\u00e1s de cifras muy elocuentes en otros segmentos clave del consumo donde la limpieza cay\u00f3 18% y el &#8220;cuidado personal&#8221;, 12%. Por su parte,&#8230;<\/p>\n","protected":false},"author":3,"featured_media":48485,"comment_status":"closed","ping_status":"closed","sticky":false,"template":"","format":"standard","meta":[],"categories":[2],"tags":[],"_links":{"self":[{"href":"https:\/\/www.actualidadadiario.com\/index.php\/wp-json\/wp\/v2\/posts\/48484"}],"collection":[{"href":"https:\/\/www.actualidadadiario.com\/index.php\/wp-json\/wp\/v2\/posts"}],"about":[{"href":"https:\/\/www.actualidadadiario.com\/index.php\/wp-json\/wp\/v2\/types\/post"}],"author":[{"embeddable":true,"href":"https:\/\/www.actualidadadiario.com\/index.php\/wp-json\/wp\/v2\/users\/3"}],"replies":[{"embeddable":true,"href":"https:\/\/www.actualidadadiario.com\/index.php\/wp-json\/wp\/v2\/comments?post=48484"}],"version-history":[{"count":1,"href":"https:\/\/www.actualidadadiario.com\/index.php\/wp-json\/wp\/v2\/posts\/48484\/revisions"}],"predecessor-version":[{"id":48486,"href":"https:\/\/www.actualidadadiario.com\/index.php\/wp-json\/wp\/v2\/posts\/48484\/revisions\/48486"}],"wp:featuredmedia":[{"embeddable":true,"href":"https:\/\/www.actualidadadiario.com\/index.php\/wp-json\/wp\/v2\/media\/48485"}],"wp:attachment":[{"href":"https:\/\/www.actualidadadiario.com\/index.php\/wp-json\/wp\/v2\/media?parent=48484"}],"wp:term":[{"taxonomy":"category","embeddable":true,"href":"https:\/\/www.actualidadadiario.com\/index.php\/wp-json\/wp\/v2\/categories?post=48484"},{"taxonomy":"post_tag","embeddable":true,"href":"https:\/\/www.actualidadadiario.com\/index.php\/wp-json\/wp\/v2\/tags?post=48484"}],"curies":[{"name":"wp","href":"https:\/\/api.w.org\/{rel}","templated":true}]}}