{"id":48482,"date":"2019-07-26T10:33:19","date_gmt":"2019-07-26T13:33:19","guid":{"rendered":"https:\/\/www.actualidadadiario.com\/?p=48482"},"modified":"2019-07-26T10:33:19","modified_gmt":"2019-07-26T13:33:19","slug":"se-acelero-la-caida-del-empleo-en-mayo-y-en-un-ano-se-perdieron-170-000-puestos-de-calidad","status":"publish","type":"post","link":"https:\/\/www.actualidadadiario.com\/index.php\/2019\/07\/26\/se-acelero-la-caida-del-empleo-en-mayo-y-en-un-ano-se-perdieron-170-000-puestos-de-calidad\/","title":{"rendered":"Se aceler\u00f3 la ca\u00edda del empleo en mayo y en un a\u00f1o se perdieron 170.000 puestos de calidad"},"content":{"rendered":"\n<p><strong><em>La destrucci\u00f3n de puestos de trabajo asalariados en el sector privado se aceler\u00f3 en mayo, con el mayor derrumbe interanual de toda la serie del Sistema Integrado Previsional Argentino: 2,7%. Esto significa que, en un a\u00f1o, se perdieron 168.700 empleos de calidad. El leve rebote de la actividad econ\u00f3mica en el quinto mes, traccionado exclusivamente por el agro, no se traslad\u00f3 al mercado laboral formal, que est\u00e1 en ca\u00edda libre desde el estallido de la crisis cambiaria y a\u00fan no toc\u00f3 fondo<\/em><\/strong><\/p>\n\n\n\n<p><\/p>\n\n\n\n<p><\/p>\n\n\n\n<p>Los datos oficiales, presentados ayer en el Ministerio de\nProducci\u00f3n y Trabajo, mostraron que el deterioro laboral volvi\u00f3 a\nprofundizarse. En mayo, se contabiliz\u00f3 un total de 12.084.200 trabajadores\nregistrados, 217.100 menos que doce meses atr\u00e1s, lo que implic\u00f3 un retroceso interanual\ndel 1,8%. Tambi\u00e9n continu\u00f3 la ca\u00edda en t\u00e9rminos mensuales, con una baja de 0,1%\nsin estacionalidad. El declive casi ininterrumpido, que comenz\u00f3 en enero de\n2018, ya se carg\u00f3 303.000 puestos de trabajo formales en menos de un a\u00f1o y\nmedio.<\/p>\n\n\n\n<p>Lo m\u00e1s preocupante es que el 78% (168.700) de los puestos\nperdidos durante el \u00faltimo a\u00f1o eran de calidad. Tambi\u00e9n baj\u00f3 en 29.000 la\ncantidad de monotributistas, en 59.200 la de monotributistas sociales y en\n2.500 la de aut\u00f3nomos. Los \u00fanicos que incorporaron trabajadores formales fueron\nel sector p\u00fablico (26.200) y las casas particulares (16.100). El resultado es\nclaro: el empleo registrado cae y, al mismo tiempo, se precariza.<\/p>\n\n\n\n<p>En ese sentido, desde noviembre de 2015, antes de que\nasumiera su mandato Mauricio Macri, se crearon apenas 42.000 puestos laborales\nformales, lo que significa un crecimiento de apenas 0,3% en tres a\u00f1os y medio,\nun per\u00edodo durante el cual la poblaci\u00f3n se expandi\u00f3 casi 4%. Adem\u00e1s, en ese\nlapso, se destruyeron 185.000 puestos asalariados privados, lo que equivale al\n2,4% del total en la medici\u00f3n desestacionalizada. Si se incorpora el efecto del\ncrecimiento demogr\u00e1fico (un c\u00e1lculo similar al que se utiliza para medir la\nvariaci\u00f3n del PBI per c\u00e1pita), la ca\u00edda llega al 6%.<\/p>\n\n\n\n<p>Por otra parte, la cartera que conduce Dante Sica inform\u00f3\nque el salario real cay\u00f3 8,9% interanual en el quinto mes. La p\u00e9rdida de poder\nadquisitivo es la otra cara del deterioro laboral y se acentu\u00f3 a ra\u00edz de la\nmegadevaluaci\u00f3n del a\u00f1o pasado que dispar\u00f3 la escalada inflacionaria. Con\nparitarias que siguen corriendo de atr\u00e1s, el derrape contin\u00faa.<\/p>\n\n\n\n<p><strong>Cuesti\u00f3n de modelo<\/strong><\/p>\n\n\n\n<p>En simult\u00e1neo, el Indec inform\u00f3 ayer que en mayo la econom\u00eda\nrebot\u00f3 2,6% interanual, impulsada casi exclusivamente por un alza del 49,5%\ninteranual en la actividad agropecuaria, que pas\u00f3 de la sequ\u00eda a la cosecha\nr\u00e9cord (ver p\u00e1gina 2). Sin ese efecto, el PBI habr\u00eda retrocedido 4,5%. As\u00ed, los\nn\u00fameros oficiales evidenciaron una crisis productiva que no sale del pozo y que\ntiene un fuerte impacto en el mercado laboral.<\/p>\n\n\n\n<p>El agro, un sector que representa apenas el 5,3% del empleo\nasalariado privado, cre\u00f3 8.900 empleos en los \u00faltimos doce meses pero no logr\u00f3\ncompensar el derrumbe que se produjo en otras ramas. En particular, la\nindustria expuls\u00f3 a 67.100 trabajadores desde mayo de 2018 y a 147.000 desde\nnoviembre de 2015. Una sangr\u00eda que se llev\u00f3 puesta al 11,5% de los puestos\nfabriles existentes antes del cambio de mandato. El comercio, en tanto, expuls\u00f3\na 50.000 asalariados.<\/p>\n","protected":false},"excerpt":{"rendered":"<p>La destrucci\u00f3n de puestos de trabajo asalariados en el sector privado se aceler\u00f3 en mayo, con el mayor derrumbe interanual de toda la serie del Sistema Integrado Previsional Argentino: 2,7%. Esto significa que, en un a\u00f1o, se perdieron 168.700 empleos de calidad. El leve rebote de la actividad econ\u00f3mica en el quinto mes, traccionado exclusivamente por el agro, no se traslad\u00f3 al mercado laboral formal, que est\u00e1 en ca\u00edda libre desde el estallido de la crisis cambiaria y a\u00fan no toc\u00f3 fondo Los datos oficiales, presentados ayer en el Ministerio&#8230;<\/p>\n","protected":false},"author":3,"featured_media":46948,"comment_status":"closed","ping_status":"closed","sticky":false,"template":"","format":"standard","meta":[],"categories":[2],"tags":[],"_links":{"self":[{"href":"https:\/\/www.actualidadadiario.com\/index.php\/wp-json\/wp\/v2\/posts\/48482"}],"collection":[{"href":"https:\/\/www.actualidadadiario.com\/index.php\/wp-json\/wp\/v2\/posts"}],"about":[{"href":"https:\/\/www.actualidadadiario.com\/index.php\/wp-json\/wp\/v2\/types\/post"}],"author":[{"embeddable":true,"href":"https:\/\/www.actualidadadiario.com\/index.php\/wp-json\/wp\/v2\/users\/3"}],"replies":[{"embeddable":true,"href":"https:\/\/www.actualidadadiario.com\/index.php\/wp-json\/wp\/v2\/comments?post=48482"}],"version-history":[{"count":1,"href":"https:\/\/www.actualidadadiario.com\/index.php\/wp-json\/wp\/v2\/posts\/48482\/revisions"}],"predecessor-version":[{"id":48483,"href":"https:\/\/www.actualidadadiario.com\/index.php\/wp-json\/wp\/v2\/posts\/48482\/revisions\/48483"}],"wp:featuredmedia":[{"embeddable":true,"href":"https:\/\/www.actualidadadiario.com\/index.php\/wp-json\/wp\/v2\/media\/46948"}],"wp:attachment":[{"href":"https:\/\/www.actualidadadiario.com\/index.php\/wp-json\/wp\/v2\/media?parent=48482"}],"wp:term":[{"taxonomy":"category","embeddable":true,"href":"https:\/\/www.actualidadadiario.com\/index.php\/wp-json\/wp\/v2\/categories?post=48482"},{"taxonomy":"post_tag","embeddable":true,"href":"https:\/\/www.actualidadadiario.com\/index.php\/wp-json\/wp\/v2\/tags?post=48482"}],"curies":[{"name":"wp","href":"https:\/\/api.w.org\/{rel}","templated":true}]}}