{"id":48479,"date":"2019-07-26T10:32:14","date_gmt":"2019-07-26T13:32:14","guid":{"rendered":"https:\/\/www.actualidadadiario.com\/?p=48479"},"modified":"2019-07-26T10:32:14","modified_gmt":"2019-07-26T13:32:14","slug":"bordet-encabeza-hoy-una-reunion-para-organizar-la-visita-de-alberto-fernandez","status":"publish","type":"post","link":"https:\/\/www.actualidadadiario.com\/index.php\/2019\/07\/26\/bordet-encabeza-hoy-una-reunion-para-organizar-la-visita-de-alberto-fernandez\/","title":{"rendered":"Bordet encabeza hoy una reuni\u00f3n para organizar la visita de Alberto Fern\u00e1ndez"},"content":{"rendered":"\n<p><strong><em>El gobernador Bordet reunir\u00e1 en Villaguay a los candidatos del Frente de Todos, intendentes, legisladores y concejales electos y en gesti\u00f3n. Ser\u00e1 de cara a la visita que Alberto Fern\u00e1ndez har\u00e1 la pr\u00f3xima semana a Entre R\u00edos<\/em><\/strong><\/p>\n\n\n\n<p><\/p>\n\n\n\n<p><\/p>\n\n\n\n<p>De cara a la visita del candidato presidencial Alberto\nFern\u00e1ndez a Entre R\u00edos prevista para la pr\u00f3xima semana, el gobernador Gustavo Bordet\nreunir\u00e1 hoy en Villaguay a los candidatos del Frente de Todos, intendentes,\nlegisladores y concejales electos y en gesti\u00f3n para definir acciones vinculadas\ncon el proceso electoral.<\/p>\n\n\n\n<p>&#8220;Tenemos un compromiso pol\u00edtico de pertenencia al\njusticialismo que hemos sostenido desde siempre y lo vamos a seguir haciendo.\nNecesitamos un gobierno nacional con nuestra misma l\u00ednea de acci\u00f3n y de\npensamiento&#8221;, dijo el presidente del PJ entrerriano al anunciar el\nencuentro del que participar\u00e1n los candidatos a senadores nacionales, Edgardo\nKueider y Stefan\u00eda Cora, y a diputados nacionales, Marcelo Casaretto, Blanca\nOsuna, Aldo Ballestena y Mar\u00eda Elena Tassistro.<\/p>\n\n\n\n<p>A tres semanas de las primarias, Bordet dej\u00f3 en claro que el\n11 de agosto &#8220;vamos a comenzar a definir dos modelos de pa\u00eds&#8221;, y\nagreg\u00f3: &#8220;el modelo de desarrollo, crecimiento y empleo que hemos planteado\nen nuestra campa\u00f1a provincial, es el que proponemos a nivel nacional.\nNecesitamos un gobierno con nuestra misma l\u00ednea de acci\u00f3n y de\npensamiento&#8221;.<\/p>\n\n\n\n<p>&#8220;Hemos trabajado responsablemente en la defensa de\nnuestros derechos y cuidado de nuestros recursos. Y vamos a militar para que\nquienes confiaron en nuestra propuesta provincial vuelvan a hacerlo&#8221;,\nafirm\u00f3 Bordet quien oficiar\u00e1 de anfitri\u00f3n del candidato presidencial del Frente\nde Todos que estar\u00e1 la semana pr\u00f3xima en la provincia realizando actividades de\ncompa\u00f1a.<\/p>\n\n\n\n<p>&#8220;Entendemos que hay vocaci\u00f3n y voluntad del pueblo\nargentino de salir de este modelo que viene deteriorando nuestros sectores\nproductivos e industriales, y a nuestros trabajadores. Es nuestra obligaci\u00f3n y\nnuestro compromiso poner todo para que el 11 de agosto comience a cambiar la\nhistoria. La democracia nos da la oportunidad de elegir&#8221;, asever\u00f3 por\n\u00faltimo.<\/p>\n","protected":false},"excerpt":{"rendered":"<p>El gobernador Bordet reunir\u00e1 en Villaguay a los candidatos del Frente de Todos, intendentes, legisladores y concejales electos y en gesti\u00f3n. Ser\u00e1 de cara a la visita que Alberto Fern\u00e1ndez har\u00e1 la pr\u00f3xima semana a Entre R\u00edos De cara a la visita del candidato presidencial Alberto Fern\u00e1ndez a Entre R\u00edos prevista para la pr\u00f3xima semana, el gobernador Gustavo Bordet reunir\u00e1 hoy en Villaguay a los candidatos del Frente de Todos, intendentes, legisladores y concejales electos y en gesti\u00f3n para definir acciones vinculadas con el proceso electoral. &#8220;Tenemos un compromiso pol\u00edtico&#8230;<\/p>\n","protected":false},"author":3,"featured_media":48480,"comment_status":"closed","ping_status":"closed","sticky":false,"template":"","format":"standard","meta":[],"categories":[15],"tags":[],"_links":{"self":[{"href":"https:\/\/www.actualidadadiario.com\/index.php\/wp-json\/wp\/v2\/posts\/48479"}],"collection":[{"href":"https:\/\/www.actualidadadiario.com\/index.php\/wp-json\/wp\/v2\/posts"}],"about":[{"href":"https:\/\/www.actualidadadiario.com\/index.php\/wp-json\/wp\/v2\/types\/post"}],"author":[{"embeddable":true,"href":"https:\/\/www.actualidadadiario.com\/index.php\/wp-json\/wp\/v2\/users\/3"}],"replies":[{"embeddable":true,"href":"https:\/\/www.actualidadadiario.com\/index.php\/wp-json\/wp\/v2\/comments?post=48479"}],"version-history":[{"count":1,"href":"https:\/\/www.actualidadadiario.com\/index.php\/wp-json\/wp\/v2\/posts\/48479\/revisions"}],"predecessor-version":[{"id":48481,"href":"https:\/\/www.actualidadadiario.com\/index.php\/wp-json\/wp\/v2\/posts\/48479\/revisions\/48481"}],"wp:featuredmedia":[{"embeddable":true,"href":"https:\/\/www.actualidadadiario.com\/index.php\/wp-json\/wp\/v2\/media\/48480"}],"wp:attachment":[{"href":"https:\/\/www.actualidadadiario.com\/index.php\/wp-json\/wp\/v2\/media?parent=48479"}],"wp:term":[{"taxonomy":"category","embeddable":true,"href":"https:\/\/www.actualidadadiario.com\/index.php\/wp-json\/wp\/v2\/categories?post=48479"},{"taxonomy":"post_tag","embeddable":true,"href":"https:\/\/www.actualidadadiario.com\/index.php\/wp-json\/wp\/v2\/tags?post=48479"}],"curies":[{"name":"wp","href":"https:\/\/api.w.org\/{rel}","templated":true}]}}