{"id":48471,"date":"2019-07-26T10:30:05","date_gmt":"2019-07-26T13:30:05","guid":{"rendered":"https:\/\/www.actualidadadiario.com\/?p=48471"},"modified":"2019-07-26T10:30:05","modified_gmt":"2019-07-26T13:30:05","slug":"la-militancia-de-parana-augura-otro-triunfo-del-peronismo","status":"publish","type":"post","link":"https:\/\/www.actualidadadiario.com\/index.php\/2019\/07\/26\/la-militancia-de-parana-augura-otro-triunfo-del-peronismo\/","title":{"rendered":"La militancia de Paran\u00e1 augura otro triunfo del peronismo"},"content":{"rendered":"\n<p><strong><em>Convocado por los presidentes de las unidades b\u00e1sicas de Paran\u00e1 y los referentes del peronismo tuvo lugar este jueves un encuentro, de cara a las elecciones de agosto, con los candidatos a senadores y diputados nacionales del Frente Todos en Entre R\u00edos. El eje de la reuni\u00f3n estuvo en remarcar el compromiso militante que permiti\u00f3 el triunfo en Paran\u00e1 y la provincia en las elecciones de junio, y en continuar con ese esfuerzo para que \u201cla ciudad aporte al proyecto nacional que le va a devolver la esperanza y la dignidad a los argentinos\u201d<\/em><\/strong><\/p>\n\n\n\n<p><\/p>\n\n\n\n<p><\/p>\n\n\n\n<p>Militantes, dirigentes y referentes del peronismo de Paran\u00e1\nse encontraron, en la sede de SUTEP, con el vicegobernador e intendente electo\nde Paran\u00e1, Ad\u00e1n Bahl, y los candidatos&nbsp;\nsenadores del Frente de Todos, Edgardo Kueider y Stefan\u00eda Cora y los\ncandidatos a diputados nacionales Marcelo Cassaretto y Blanca Osuna.<\/p>\n\n\n\n<p>Bahl fue el primer orador y dirigi\u00f3 su mensaje a los\nmilitantes a quienes les reiter\u00f3 su agradecimiento por el trabajo en las\nelecciones provinciales que le permiti\u00f3 al peronismo recuperar la ciudad. \u201cCon\nustedes el peronismo crece en los barrios, en las calles, en las trincheras\ndonde se defiende el trabajo\u201d, dijo y enfatiz\u00f3 que: \u201cLos militantes, son la\nfuerza que hizo posible recuperar la ciudad para el peronismo y para los\nparanaenses y fueron quienes hicieron posible la alegr\u00eda inmensa que vivimos el\n9 de junio, el triunfo hist\u00f3rico que nos devolvi\u00f3 la confianza de la gente\u201d.<\/p>\n\n\n\n<p>De cara a las elecciones del 11 de agosto, Bahl dijo que\n\u201chay que seguir trabajando con el mismo compromiso junto a Gustavo Bordet, que\nse puso al frente de este grupo de dirigentes que tendr\u00e1n la enorme\nresponsabilidad de defender el trabajo y los derechos de los entrerrianos\u201d dijo\nfinalmente Bahl.<\/p>\n\n\n\n<p>A su turno, el candidato a senador nacional, Edgardo\nKueider, tambi\u00e9n puso de relieve &#8220;el gran trabajo llevado a cabo por la\nmilitancia de Paran\u00e1 que permiti\u00f3 recuperar la ciudad para los\nparanenses&#8221;, y adelant\u00f3: &#8220;estoy seguro que el esfuerzo compartido\nentre Beto (Ad\u00e1n Bahl) y el gobernador Bordet, vamos a llevar a Paran\u00e1 a que\nsea la capital que todos queremos&#8221;.<\/p>\n\n\n\n<p>En ese sentido, Kueider resalt\u00f3 que &#8220;en la etapa que\nviene tendremos tambi\u00e9n un gobierno nacional, con Alberto (Fern\u00e1ndez) y\nCristina (Fern\u00e1ndez) abocado a mejorar las condiciones de vida de cada uno de\nlos ciudadanos&#8221;, y adelant\u00f3 que, adem\u00e1s, &#8220;ah\u00ed vamos a estar,\ntrabajando desde el Congreso Nacional para dar apoyo y potenciar la gesti\u00f3n de\nnuestro gobernador y de cada uno de los intendentes de la provincia&#8221;.<\/p>\n\n\n\n<p>Por \u00faltimo, el actual secretario General de la Gobernaci\u00f3n,\nllam\u00f3 a los presentes a &#8220;militar para seguir transformando la provincia\u201d y\nresalt\u00f3 que \u201cEntre R\u00edos es un estado presente y que da respuestas concretas\u201d.<\/p>\n\n\n\n<p>Por su parte el candidato a diputado Nacional, Marcelo\nCasaretto hablo de la necesidad de poner en marcha un nuevo modelo econ\u00f3mico.\n&#8220;Tenemos que revertir el sistema econ\u00f3mico y financiero nacional y apostar\nal trabajo, la producci\u00f3n y mejorar la calidad de vida de los argentinos. Eso\nse va a lograr con Alberto y Cristina en la Naci\u00f3n&#8221;, dijo.<\/p>\n\n\n\n<p>\u201cHace cuatro a\u00f1os que la Argentina vive un modelo que\nperjudic\u00f3 claramente a la econom\u00eda de los argentinos: creci\u00f3 la desocupaci\u00f3n,\naument\u00f3 la pobreza, cay\u00f3 la actividad industrial, se derrumb\u00f3 la construcci\u00f3n,\nla inflaci\u00f3n es muy grande y todos los dem\u00e1s indicadores son muy\nnegativos&#8221; enfatiz\u00f3 Casaretto y asegur\u00f3 que &#8220;nosotros, con Alberto\nFern\u00e1ndez, vamos por un modelo productivo, que aliente el funcionamiento de las\nempresas y as\u00ed generar m\u00e1s puestos de trabajo, mediante la recuperaci\u00f3n del\nmercado interno&#8221;.<\/p>\n\n\n\n<p>Las candidatas, Stefan\u00eda Cora y Blanca Osuna, resaltaron la\nimportancia de defender y representar los intereses de todos los entrerrianos\ndesde la legislatura nacional. \u201cEstamos atravesando un momento trascendental y\nnecesitamos estar todos a disposici\u00f3n. Vamos a representar los intereses de\nnuestra provincia, vamos a discutir qu\u00e9 pa\u00eds queremos y c\u00f3mo vamos a acompa\u00f1ar\nuna gesti\u00f3n exitosa en la ciudad de Paran\u00e1\u201d, expres\u00f3 Cora.<\/p>\n\n\n\n<p>Ariel Dom\u00ednguez, de la seccional 11, se expres\u00f3 en\nrepresentaci\u00f3n de los presidentes de las b\u00e1sicas y agradeci\u00f3 el reconocimiento\npor el trabajo realizado en las elecciones provinciales: &#8220;Nuestra\norganizaci\u00f3n nos ha permitido trabajar en conjunto con madurez y de manera\norg\u00e1nica. Estamos a disposici\u00f3n y la idea de todos los compa\u00f1eros es seguir\ntrabajando de esta manera. Cuenten con nosotros y si estamos ac\u00e1 es porque estamos\npara trabajar&#8221;, destac\u00f3.<\/p>\n\n\n\n<p>En el acto estuvieron presentes el senador electo Juan\nCarlos Kloss, los diputados electos Carina Ramos y Juan Manuel Huss, la\nviceintendenta electa de Paran\u00e1, Andrea Zoff, los concejales electos Sergio\nGranetto, Luisina Minni, Fernanda Facello, Ana Ruberto, Nicolas Mathieu, Susana\nFarias, Sergio Elizar, David C\u00e1ceres y presidentes de las b\u00e1sicas: Luciano\nAyala, Osvaldo Roldan, Adri\u00e1n Gonz\u00e1lez,&nbsp;\nCarulo N\u00fa\u00f1ez, Cristian Arriola, Walter Caraballo, Loly Luna, Peka\nBenitez, Masat, , Sebastian Miccelli, Walter Clivio, Emiliano R\u00edos, Juan\nMastracho, Walter Vitori, Danilo Corona y Jos\u00e9 Su\u00e1rez, entre otros.<\/p>\n","protected":false},"excerpt":{"rendered":"<p>Convocado por los presidentes de las unidades b\u00e1sicas de Paran\u00e1 y los referentes del peronismo tuvo lugar este jueves un encuentro, de cara a las elecciones de agosto, con los candidatos a senadores y diputados nacionales del Frente Todos en Entre R\u00edos. El eje de la reuni\u00f3n estuvo en remarcar el compromiso militante que permiti\u00f3 el triunfo en Paran\u00e1 y la provincia en las elecciones de junio, y en continuar con ese esfuerzo para que \u201cla ciudad aporte al proyecto nacional que le va a devolver la esperanza y la&#8230;<\/p>\n","protected":false},"author":3,"featured_media":48472,"comment_status":"closed","ping_status":"closed","sticky":false,"template":"","format":"standard","meta":[],"categories":[15],"tags":[],"_links":{"self":[{"href":"https:\/\/www.actualidadadiario.com\/index.php\/wp-json\/wp\/v2\/posts\/48471"}],"collection":[{"href":"https:\/\/www.actualidadadiario.com\/index.php\/wp-json\/wp\/v2\/posts"}],"about":[{"href":"https:\/\/www.actualidadadiario.com\/index.php\/wp-json\/wp\/v2\/types\/post"}],"author":[{"embeddable":true,"href":"https:\/\/www.actualidadadiario.com\/index.php\/wp-json\/wp\/v2\/users\/3"}],"replies":[{"embeddable":true,"href":"https:\/\/www.actualidadadiario.com\/index.php\/wp-json\/wp\/v2\/comments?post=48471"}],"version-history":[{"count":1,"href":"https:\/\/www.actualidadadiario.com\/index.php\/wp-json\/wp\/v2\/posts\/48471\/revisions"}],"predecessor-version":[{"id":48473,"href":"https:\/\/www.actualidadadiario.com\/index.php\/wp-json\/wp\/v2\/posts\/48471\/revisions\/48473"}],"wp:featuredmedia":[{"embeddable":true,"href":"https:\/\/www.actualidadadiario.com\/index.php\/wp-json\/wp\/v2\/media\/48472"}],"wp:attachment":[{"href":"https:\/\/www.actualidadadiario.com\/index.php\/wp-json\/wp\/v2\/media?parent=48471"}],"wp:term":[{"taxonomy":"category","embeddable":true,"href":"https:\/\/www.actualidadadiario.com\/index.php\/wp-json\/wp\/v2\/categories?post=48471"},{"taxonomy":"post_tag","embeddable":true,"href":"https:\/\/www.actualidadadiario.com\/index.php\/wp-json\/wp\/v2\/tags?post=48471"}],"curies":[{"name":"wp","href":"https:\/\/api.w.org\/{rel}","templated":true}]}}