{"id":4847,"date":"2016-11-22T09:59:56","date_gmt":"2016-11-22T12:59:56","guid":{"rendered":"http:\/\/actualidadadiario.com\/site\/?p=4847"},"modified":"2016-11-22T09:59:56","modified_gmt":"2016-11-22T12:59:56","slug":"luego-de-los-papelones-diplomaticos-del-gobierno-desplazan-al-vice-de-malcorra","status":"publish","type":"post","link":"https:\/\/www.actualidadadiario.com\/index.php\/2016\/11\/22\/luego-de-los-papelones-diplomaticos-del-gobierno-desplazan-al-vice-de-malcorra\/","title":{"rendered":"Luego de los papelones diplom\u00e1ticos del Gobierno, desplazan al vice de Malcorra"},"content":{"rendered":"<p><em><strong>En medio de cuestionamientos internos por una gesti\u00f3n que viene sumando traspi\u00e9s desde que asumi\u00f3, el vicecanciller Carlos Foradori ser\u00e1 el primer desplazado en la Canciller\u00eda. Desde la cartera confirmaron que no va a estar en ning\u00fan ministerio<\/strong><\/em><\/p>\n<p>&nbsp;<\/p>\n<p>&nbsp;<\/p>\n<p>&nbsp;<\/p>\n<p>&nbsp;<\/p>\n<p>&nbsp;<\/p>\n<p>El Gobierno decidi\u00f3 desplazar de su puesto al vicecanciller Carlos Foradori, un diplom\u00e1tico de carrera de origen radical, en medio de duros cuestionamientos internos dentro de la Canciller\u00eda, luego de los tantos papelones diplom\u00e1ticos que viene sumando la Argentina.<\/p>\n<p>&nbsp;<\/p>\n<p>De esta manera, Foradori dejar\u00e1 su cargo en Canciller\u00eda y no va a estar en ning\u00fan ministerio, seg\u00fan confirmaron desde la cartera, al igual que la secretaria de Relaciones Econ\u00f3micas Internacionales, Cristina Boldorini, de acuerdo con el sitio El Destape.<\/p>\n<p>&nbsp;<\/p>\n<p>&#8220;S\u00ed, se va Boldorini y me voy yo, pero por ahora ni se sabe ad\u00f3nde; ya se sabr\u00e1 m\u00e1s adelante&#8221;, afirm\u00f3 Foradori a la agencia T\u00e9lam. Su lugar ser\u00e1 ocupado por el tucumano Pedro Villagra, tambi\u00e9n diplom\u00e1tico de carrera y embajador en Australia durante el kirchnerismo.<\/p>\n<p>&nbsp;<\/p>\n<p>Este desplazamiento se da luego de una serie de papelones diplom\u00e1ticos que viene protagonizando la gesti\u00f3n de Malcorra. Por ejemplo, Argentina fue el primer gobierno en reconocer como presidente al ileg\u00edtimo Michel Temer, que asumi\u00f3 luego de un golpe institucional.<\/p>\n<p>&nbsp;<\/p>\n<p>Adem\u00e1s, hubo un escandaloso cruce de declaraciones por el di\u00e1logo por la soberan\u00eda de Malvinas con la Primer Ministro de Gran Breta\u00f1a, mientras que el Gobierno argentino apoy\u00f3 a la candidata estadounidense que perdi\u00f3 las elecciones y hasta critic\u00f3 al mandatario electo, Donald Trump.<\/p>\n","protected":false},"excerpt":{"rendered":"<p>En medio de cuestionamientos internos por una gesti\u00f3n que viene sumando traspi\u00e9s desde que asumi\u00f3, el vicecanciller Carlos Foradori ser\u00e1 el primer desplazado en la Canciller\u00eda. Desde la cartera confirmaron que no va a estar en ning\u00fan ministerio &nbsp; &nbsp; &nbsp; &nbsp; &nbsp; El Gobierno decidi\u00f3 desplazar de su puesto al vicecanciller Carlos Foradori, un diplom\u00e1tico de carrera de origen radical, en medio de duros cuestionamientos internos dentro de la Canciller\u00eda, luego de los tantos papelones diplom\u00e1ticos que viene sumando la Argentina. &nbsp; De esta manera, Foradori dejar\u00e1 su cargo&#8230;<\/p>\n","protected":false},"author":3,"featured_media":4848,"comment_status":"closed","ping_status":"closed","sticky":false,"template":"","format":"standard","meta":[],"categories":[18],"tags":[],"_links":{"self":[{"href":"https:\/\/www.actualidadadiario.com\/index.php\/wp-json\/wp\/v2\/posts\/4847"}],"collection":[{"href":"https:\/\/www.actualidadadiario.com\/index.php\/wp-json\/wp\/v2\/posts"}],"about":[{"href":"https:\/\/www.actualidadadiario.com\/index.php\/wp-json\/wp\/v2\/types\/post"}],"author":[{"embeddable":true,"href":"https:\/\/www.actualidadadiario.com\/index.php\/wp-json\/wp\/v2\/users\/3"}],"replies":[{"embeddable":true,"href":"https:\/\/www.actualidadadiario.com\/index.php\/wp-json\/wp\/v2\/comments?post=4847"}],"version-history":[{"count":1,"href":"https:\/\/www.actualidadadiario.com\/index.php\/wp-json\/wp\/v2\/posts\/4847\/revisions"}],"predecessor-version":[{"id":4849,"href":"https:\/\/www.actualidadadiario.com\/index.php\/wp-json\/wp\/v2\/posts\/4847\/revisions\/4849"}],"wp:featuredmedia":[{"embeddable":true,"href":"https:\/\/www.actualidadadiario.com\/index.php\/wp-json\/wp\/v2\/media\/4848"}],"wp:attachment":[{"href":"https:\/\/www.actualidadadiario.com\/index.php\/wp-json\/wp\/v2\/media?parent=4847"}],"wp:term":[{"taxonomy":"category","embeddable":true,"href":"https:\/\/www.actualidadadiario.com\/index.php\/wp-json\/wp\/v2\/categories?post=4847"},{"taxonomy":"post_tag","embeddable":true,"href":"https:\/\/www.actualidadadiario.com\/index.php\/wp-json\/wp\/v2\/tags?post=4847"}],"curies":[{"name":"wp","href":"https:\/\/api.w.org\/{rel}","templated":true}]}}