{"id":48468,"date":"2019-07-26T10:29:16","date_gmt":"2019-07-26T13:29:16","guid":{"rendered":"https:\/\/www.actualidadadiario.com\/?p=48468"},"modified":"2019-07-26T10:29:16","modified_gmt":"2019-07-26T13:29:16","slug":"kisser-instruye-a-cortar-la-boleta-en-la-interna-entrerriana-de-juntos-por-el-cambio","status":"publish","type":"post","link":"https:\/\/www.actualidadadiario.com\/index.php\/2019\/07\/26\/kisser-instruye-a-cortar-la-boleta-en-la-interna-entrerriana-de-juntos-por-el-cambio\/","title":{"rendered":"Kisser instruye a cortar la boleta en la interna entrerriana de Juntos por el Cambio"},"content":{"rendered":"\n<p><strong><em>Confirmada la imposibilidad de pegar boleta con la f\u00f3rmula presidencial Macri \u2013 Pichetto, la lista radical en la interna de \u201cJuntos por el Cambio\u201d de Entre R\u00edos difundi\u00f3 un instructivo para cortar la boleta oficial en las primarias del 11 de agosto<\/em><\/strong><\/p>\n\n\n\n<p><\/p>\n\n\n\n<p><\/p>\n\n\n\n<p>Los precandidatos a senador Raymundo Kisser y a diputado\nLeandro Arribalzaga piden expresamente votar por Macri \u2013 Pichetto, cortar ese\ncuerpo y juntarlo a la lista radical que, por decisi\u00f3n de la c\u00fapula nacional de\n\u201cJuntos por el Cambio\u201d, qued\u00f3 excluida del pegado. <\/p>\n\n\n\n<p>En la animaci\u00f3n, donde adem\u00e1s de detallar los pasos del\ncorte se pide cambiar \u201cun minuto en el cuarto oscuro por a\u00f1os de buena\ngesti\u00f3n\u201d, no se hacen reproches a la negativa del pegado, ni alusiones a la\nidentidad radical de la propuesta.<\/p>\n\n\n\n<p>Sin rencores, solamente se invita a cortar \u201cel pasado\u201d, que\nse entiende representan los postulantes de la lista oficial (Alfredo de Angeli\ny Gabriela Lena), para votar por el \u201cfuturo\u201d.<\/p>\n\n\n\n<p><strong>Bl\u00e1zquez tambi\u00e9n pide\ncortar <\/strong><\/p>\n\n\n\n<p>El precandidato a senador Hern\u00e1n Bl\u00e1zquez opt\u00f3 por promover,\na trav\u00e9s de las redes sociales, el corte de la boleta oficial, la \u00fanica que en\nlas primarias del 11 de agosto de Entre R\u00edos va pegada a la f\u00f3rmula\npresidencial Macri \u2013 Pichetto.<\/p>\n\n\n\n<p>&#8220;Corten a De \u00c1ngeli y en el sobre pongan nuestra boleta\ncorta con el sellito de &#8220;Defensores del cambio&#8221; junto a la boleta\ncortada de Macri Pichetto\u201d, pide el dirigente macrista, que desde su aparici\u00f3n\nen la vida partidaria, desde finales de 2016, ha mantenido un perfil cr\u00edtico a\nla conducci\u00f3n pol\u00edtica del ministro del Interior, Rogelio Frigerio.<\/p>\n\n\n\n<p><strong>Desaf\u00eda a debatir<\/strong><\/p>\n\n\n\n<p>Junto con esto, Bl\u00e1zquez solicita un \u201cdebate abierto en\ntelevisi\u00f3n\u201d junto a los otros dos precandidatos para el Senado, el radical Raymundo\nKisser y De \u00c1ngeli.<\/p>\n\n\n\n<p>\u201cRaymundo Kisser acept\u00f3 realizar el debate en vivo, pero lo\nsorprendente es que Alfredo De \u00c1ngeli sigue desaparecido y mand\u00f3 a un emisario\ncon la respuesta que \u00e9l no se presentar\u00eda en el debate p\u00fablico. \u00bfPor qu\u00e9 ser\u00e1?\n\u00bfTendr\u00e1 miedo que se le descubran cosas oculta, negocios turbios?\u201d, public\u00f3.<\/p>\n\n\n\n<p>\u201cDe Angeli estuvo en la apertura de la 133 Exposici\u00f3n Rural\nde Palermo en donde afirm\u00f3 que el campo es el puente que nos reinsert\u00f3 en el\nmundo. Pero fue luego de 2.171 d\u00edas donde se olvid\u00f3 del campo por completo\u201d, reproch\u00f3.<\/p>\n","protected":false},"excerpt":{"rendered":"<p>Confirmada la imposibilidad de pegar boleta con la f\u00f3rmula presidencial Macri \u2013 Pichetto, la lista radical en la interna de \u201cJuntos por el Cambio\u201d de Entre R\u00edos difundi\u00f3 un instructivo para cortar la boleta oficial en las primarias del 11 de agosto Los precandidatos a senador Raymundo Kisser y a diputado Leandro Arribalzaga piden expresamente votar por Macri \u2013 Pichetto, cortar ese cuerpo y juntarlo a la lista radical que, por decisi\u00f3n de la c\u00fapula nacional de \u201cJuntos por el Cambio\u201d, qued\u00f3 excluida del pegado. En la animaci\u00f3n, donde adem\u00e1s&#8230;<\/p>\n","protected":false},"author":3,"featured_media":48469,"comment_status":"closed","ping_status":"closed","sticky":false,"template":"","format":"standard","meta":[],"categories":[15],"tags":[],"_links":{"self":[{"href":"https:\/\/www.actualidadadiario.com\/index.php\/wp-json\/wp\/v2\/posts\/48468"}],"collection":[{"href":"https:\/\/www.actualidadadiario.com\/index.php\/wp-json\/wp\/v2\/posts"}],"about":[{"href":"https:\/\/www.actualidadadiario.com\/index.php\/wp-json\/wp\/v2\/types\/post"}],"author":[{"embeddable":true,"href":"https:\/\/www.actualidadadiario.com\/index.php\/wp-json\/wp\/v2\/users\/3"}],"replies":[{"embeddable":true,"href":"https:\/\/www.actualidadadiario.com\/index.php\/wp-json\/wp\/v2\/comments?post=48468"}],"version-history":[{"count":1,"href":"https:\/\/www.actualidadadiario.com\/index.php\/wp-json\/wp\/v2\/posts\/48468\/revisions"}],"predecessor-version":[{"id":48470,"href":"https:\/\/www.actualidadadiario.com\/index.php\/wp-json\/wp\/v2\/posts\/48468\/revisions\/48470"}],"wp:featuredmedia":[{"embeddable":true,"href":"https:\/\/www.actualidadadiario.com\/index.php\/wp-json\/wp\/v2\/media\/48469"}],"wp:attachment":[{"href":"https:\/\/www.actualidadadiario.com\/index.php\/wp-json\/wp\/v2\/media?parent=48468"}],"wp:term":[{"taxonomy":"category","embeddable":true,"href":"https:\/\/www.actualidadadiario.com\/index.php\/wp-json\/wp\/v2\/categories?post=48468"},{"taxonomy":"post_tag","embeddable":true,"href":"https:\/\/www.actualidadadiario.com\/index.php\/wp-json\/wp\/v2\/tags?post=48468"}],"curies":[{"name":"wp","href":"https:\/\/api.w.org\/{rel}","templated":true}]}}