{"id":48465,"date":"2019-07-26T10:24:41","date_gmt":"2019-07-26T13:24:41","guid":{"rendered":"https:\/\/www.actualidadadiario.com\/?p=48465"},"modified":"2019-07-26T10:24:41","modified_gmt":"2019-07-26T13:24:41","slug":"habra-cambios-de-mando-en-la-policia-de-concordia-y-mas-acciones-territoriales-para-contener-el-delito","status":"publish","type":"post","link":"https:\/\/www.actualidadadiario.com\/index.php\/2019\/07\/26\/habra-cambios-de-mando-en-la-policia-de-concordia-y-mas-acciones-territoriales-para-contener-el-delito\/","title":{"rendered":"Habr\u00e1 cambios de mando en la Polic\u00eda de Concordia y m\u00e1s acciones territoriales para contener el delito"},"content":{"rendered":"\n<p><strong><em>Lo anunci\u00f3 la ministra de Gobierno Rosario Romero luego de analizar la situaci\u00f3n en Concordia y tras las reuniones mantenidas con el Jefe de Polic\u00eda, Gustavo Maslein. El subjefe Juan Antonio Begueire, quedar\u00e1 a cargo de la Departamental Concordia, y reforzar\u00e1 la presencia de efectivos en la v\u00eda p\u00fablica en las zonas que registran un mayor nivel delictual<\/em><\/strong><\/p>\n\n\n\n<p><\/p>\n\n\n\n<p><\/p>\n\n\n\n<p>Tambi\u00e9n, se profundizar\u00e1 la vigilancia a trav\u00e9s de c\u00e1maras\nde seguridad y se incrementar\u00e1 la cantidad de veh\u00edculos para esta jurisdicci\u00f3n,\nse anticip\u00f3 en un comunicado oficial.<\/p>\n\n\n\n<p>Cabe recordar que la ministra y el jefe de Polic\u00eda\nmantuvieron ayer encuentros de trabajo con referentes de las fuerzas de\nseguridad local y el ministerio p\u00fablico fiscal para reforzar estrategias y\nmodos de acci\u00f3n para prevenir delitos en la ciudad.<\/p>\n\n\n\n<p>\u201cEstamos trabajando y desde el gobierno provincial, haremos\nun apoyo especial para Concordia en esta situaci\u00f3n problem\u00e1tica reconociendo\ntodos estos aspectos, no solamente aspectos de la singularidad que tiene el\ndelito mismo y c\u00f3mo lo tratamos desde la Justicia, desde la Fiscal\u00eda, del Poder\nEjecutivo y la Polic\u00eda, sino adem\u00e1s las otras cuestiones sociales prevalentes\nal delito\u201d, expres\u00f3.<\/p>\n\n\n\n<p>\u201cEstamos apuntando a la prevenci\u00f3n y a la investigaci\u00f3n de\nestos graves hechos\u201d, precis\u00f3 la Ministra.<\/p>\n","protected":false},"excerpt":{"rendered":"<p>Lo anunci\u00f3 la ministra de Gobierno Rosario Romero luego de analizar la situaci\u00f3n en Concordia y tras las reuniones mantenidas con el Jefe de Polic\u00eda, Gustavo Maslein. El subjefe Juan Antonio Begueire, quedar\u00e1 a cargo de la Departamental Concordia, y reforzar\u00e1 la presencia de efectivos en la v\u00eda p\u00fablica en las zonas que registran un mayor nivel delictual Tambi\u00e9n, se profundizar\u00e1 la vigilancia a trav\u00e9s de c\u00e1maras de seguridad y se incrementar\u00e1 la cantidad de veh\u00edculos para esta jurisdicci\u00f3n, se anticip\u00f3 en un comunicado oficial. Cabe recordar que la ministra&#8230;<\/p>\n","protected":false},"author":3,"featured_media":48466,"comment_status":"closed","ping_status":"closed","sticky":false,"template":"","format":"standard","meta":[],"categories":[9],"tags":[],"_links":{"self":[{"href":"https:\/\/www.actualidadadiario.com\/index.php\/wp-json\/wp\/v2\/posts\/48465"}],"collection":[{"href":"https:\/\/www.actualidadadiario.com\/index.php\/wp-json\/wp\/v2\/posts"}],"about":[{"href":"https:\/\/www.actualidadadiario.com\/index.php\/wp-json\/wp\/v2\/types\/post"}],"author":[{"embeddable":true,"href":"https:\/\/www.actualidadadiario.com\/index.php\/wp-json\/wp\/v2\/users\/3"}],"replies":[{"embeddable":true,"href":"https:\/\/www.actualidadadiario.com\/index.php\/wp-json\/wp\/v2\/comments?post=48465"}],"version-history":[{"count":1,"href":"https:\/\/www.actualidadadiario.com\/index.php\/wp-json\/wp\/v2\/posts\/48465\/revisions"}],"predecessor-version":[{"id":48467,"href":"https:\/\/www.actualidadadiario.com\/index.php\/wp-json\/wp\/v2\/posts\/48465\/revisions\/48467"}],"wp:featuredmedia":[{"embeddable":true,"href":"https:\/\/www.actualidadadiario.com\/index.php\/wp-json\/wp\/v2\/media\/48466"}],"wp:attachment":[{"href":"https:\/\/www.actualidadadiario.com\/index.php\/wp-json\/wp\/v2\/media?parent=48465"}],"wp:term":[{"taxonomy":"category","embeddable":true,"href":"https:\/\/www.actualidadadiario.com\/index.php\/wp-json\/wp\/v2\/categories?post=48465"},{"taxonomy":"post_tag","embeddable":true,"href":"https:\/\/www.actualidadadiario.com\/index.php\/wp-json\/wp\/v2\/tags?post=48465"}],"curies":[{"name":"wp","href":"https:\/\/api.w.org\/{rel}","templated":true}]}}