{"id":48462,"date":"2019-07-26T10:23:59","date_gmt":"2019-07-26T13:23:59","guid":{"rendered":"https:\/\/www.actualidadadiario.com\/?p=48462"},"modified":"2019-07-26T10:23:59","modified_gmt":"2019-07-26T13:23:59","slug":"giano-destaco-la-media-sancion-de-la-adhesion-a-la-ley-de-inversiones-de-bosques-cultivados","status":"publish","type":"post","link":"https:\/\/www.actualidadadiario.com\/index.php\/2019\/07\/26\/giano-destaco-la-media-sancion-de-la-adhesion-a-la-ley-de-inversiones-de-bosques-cultivados\/","title":{"rendered":"Giano destac\u00f3 la media sanci\u00f3n de la adhesi\u00f3n a la Ley de Inversiones de Bosques Cultivados"},"content":{"rendered":"\n<p><strong><em>La norma establece beneficios impositivos y econ\u00f3micos a los productores forestales. Entre otras cosas, se los exime del pago de Ingresos Brutos y otros tributos provinciales, y se les financia la plantaci\u00f3n de los bosques, inform\u00f3 el senador del FPV, \u00c1ngel Giano, uno de los autores de la iniciativa<\/em><\/strong><\/p>\n\n\n\n<p><\/p>\n\n\n\n<p><\/p>\n\n\n\n<p>La C\u00e1mara de Senadores dio media sanci\u00f3n al proyecto por el\ncual la provincia adhiere a la ley nacional de Inversiones de Bosques\nCultivados. Fue presentado por Giano&nbsp; y\nMario Torres (FPV-Villaguay), a pedido del gobernador Gustavo Bordet y el\nsecretario de Producci\u00f3n, \u00c1lvaro Gab\u00e1s.<\/p>\n\n\n\n<p>La iniciativa \u201cfavorece la plantaci\u00f3n de bosques en la\nprovincia, la forestaci\u00f3n y la provisi\u00f3n de materia prima maderera\u201d, remarc\u00f3 el\nSenador por Concordia. Coment\u00f3 adem\u00e1s que a trav\u00e9s de esta ley se les otorga a\nlos productores forestales \u201cbeneficios impositivos y econ\u00f3micos, por ejemplo,\nfinanci\u00e1ndole la plantaci\u00f3n de los bosques\u201d. En tanto \u201cla Provincia les otorga\nbeneficios tributarios, eximi\u00e9ndolos del Impuesto al Sello, del pago de\nIngresos Brutos y tambi\u00e9n de las gu\u00edas\u201d, precis\u00f3.<\/p>\n\n\n\n<p>Esta ser\u00e1 la tercera vez que Entre R\u00edos adhiera a la Ley\nnacional. \u201cEs un beneficio que est\u00e1 vigente desde 1998\u201d, explic\u00f3 al respecto\nGiano. La adhesi\u00f3n provincial ya tuvo una pr\u00f3rroga, en 2009. \u201cEste a\u00f1o venc\u00eda\nese plazo de diez a\u00f1os de la \u00faltima ley sancionada\u201d, agreg\u00f3 el Senador. La\nnueva iniciativa prorroga la adhesi\u00f3n por otros diez a\u00f1os.<\/p>\n\n\n\n<p>El proyecto fue aprobado por unanimidad en la C\u00e1mara de\nSenadores en la sesi\u00f3n del mi\u00e9rcoles 24 de julio. Ahora pasa a la C\u00e1mara de\nDiputados para su sanci\u00f3n definitiva.<\/p>\n","protected":false},"excerpt":{"rendered":"<p>La norma establece beneficios impositivos y econ\u00f3micos a los productores forestales. Entre otras cosas, se los exime del pago de Ingresos Brutos y otros tributos provinciales, y se les financia la plantaci\u00f3n de los bosques, inform\u00f3 el senador del FPV, \u00c1ngel Giano, uno de los autores de la iniciativa La C\u00e1mara de Senadores dio media sanci\u00f3n al proyecto por el cual la provincia adhiere a la ley nacional de Inversiones de Bosques Cultivados. Fue presentado por Giano&nbsp; y Mario Torres (FPV-Villaguay), a pedido del gobernador Gustavo Bordet y el secretario&#8230;<\/p>\n","protected":false},"author":3,"featured_media":48463,"comment_status":"closed","ping_status":"closed","sticky":false,"template":"","format":"standard","meta":[],"categories":[15],"tags":[],"_links":{"self":[{"href":"https:\/\/www.actualidadadiario.com\/index.php\/wp-json\/wp\/v2\/posts\/48462"}],"collection":[{"href":"https:\/\/www.actualidadadiario.com\/index.php\/wp-json\/wp\/v2\/posts"}],"about":[{"href":"https:\/\/www.actualidadadiario.com\/index.php\/wp-json\/wp\/v2\/types\/post"}],"author":[{"embeddable":true,"href":"https:\/\/www.actualidadadiario.com\/index.php\/wp-json\/wp\/v2\/users\/3"}],"replies":[{"embeddable":true,"href":"https:\/\/www.actualidadadiario.com\/index.php\/wp-json\/wp\/v2\/comments?post=48462"}],"version-history":[{"count":1,"href":"https:\/\/www.actualidadadiario.com\/index.php\/wp-json\/wp\/v2\/posts\/48462\/revisions"}],"predecessor-version":[{"id":48464,"href":"https:\/\/www.actualidadadiario.com\/index.php\/wp-json\/wp\/v2\/posts\/48462\/revisions\/48464"}],"wp:featuredmedia":[{"embeddable":true,"href":"https:\/\/www.actualidadadiario.com\/index.php\/wp-json\/wp\/v2\/media\/48463"}],"wp:attachment":[{"href":"https:\/\/www.actualidadadiario.com\/index.php\/wp-json\/wp\/v2\/media?parent=48462"}],"wp:term":[{"taxonomy":"category","embeddable":true,"href":"https:\/\/www.actualidadadiario.com\/index.php\/wp-json\/wp\/v2\/categories?post=48462"},{"taxonomy":"post_tag","embeddable":true,"href":"https:\/\/www.actualidadadiario.com\/index.php\/wp-json\/wp\/v2\/tags?post=48462"}],"curies":[{"name":"wp","href":"https:\/\/api.w.org\/{rel}","templated":true}]}}