{"id":48459,"date":"2019-07-26T10:23:09","date_gmt":"2019-07-26T13:23:09","guid":{"rendered":"https:\/\/www.actualidadadiario.com\/?p=48459"},"modified":"2019-07-26T10:23:09","modified_gmt":"2019-07-26T13:23:09","slug":"bordet-acordo-con-el-cfi-creditos-para-impulsar-la-produccion-ovina-en-entre-rios","status":"publish","type":"post","link":"https:\/\/www.actualidadadiario.com\/index.php\/2019\/07\/26\/bordet-acordo-con-el-cfi-creditos-para-impulsar-la-produccion-ovina-en-entre-rios\/","title":{"rendered":"Bordet acord\u00f3 con el CFI cr\u00e9ditos para impulsar la producci\u00f3n ovina en Entre R\u00edos"},"content":{"rendered":"\n<p><strong><em>El gobernador Gustavo Bordet acord\u00f3 con el secretario general del Consejo Federal de Inversiones (CFI), Juan Jos\u00e9 Ci\u00e1cera, la implementaci\u00f3n de una l\u00ednea de cr\u00e9ditos para la producci\u00f3n ovina en Entre R\u00edos por hasta 10 millones de pesos. Se celebrar\u00e1n en Entre R\u00edos los 60 a\u00f1os del organismo<\/em><\/strong><\/p>\n\n\n\n<p><\/p>\n\n\n\n<p><\/p>\n\n\n\n<p>Tras el encuentro que mantuvo en Buenos Aires con el titular\ndel CFI, el mandatario se\u00f1al\u00f3 que &#8220;el sector ovino nos ven\u00eda reclamando la\nposibilidad de tener acceso a l\u00edneas de cr\u00e9ditos y en este sentido lo\ncomenzamos a trabajar con nuestros equipos t\u00e9cnicos junto con los del CFI, y\narribamos a este acuerdo&#8221;.<\/p>\n\n\n\n<p>Precis\u00f3 que el financiamiento que el CFI otorgar\u00e1 al sector\nest\u00e1 \u201cen el orden de los 10 millones de pesos y va a beneficiar a muchos\nproductores ovinos de la provincia. Ten\u00edamos financiamiento para otras l\u00edneas\nde proyecci\u00f3n c\u00e1rnica, como bovino y porcino; y ahora lo complementamos con el\nsector ovino&#8221;.<\/p>\n\n\n\n<p>Por otro lado, coment\u00f3 que dialogaron con el titular del\nCFI, \u201cno solo del financiamiento crediticio, sino tambi\u00e9n del asesoramiento\nt\u00e9cnico y el seguimiento, lo cual es muy importante porque log\u00edsticamente ayuda\nmucho a los sectores productivos ovinos de la provincia&#8221;.<\/p>\n\n\n\n<p>Asimismo, a\u00f1adi\u00f3 que \u201cconversamos sobre distintos proyectos\nque hoy la provincia lleva adelante, algunos de financiamiento, que tienen que\nver con cr\u00e9ditos no s\u00f3lo de sectores productivos, sino tambi\u00e9n de servicios,\ncomo el tur\u00edstico. Tenemos una cartera del orden de unos 500 millones de pesos,\nlo cual ayuda mucho a nuestras econom\u00edas regionales&#8221;.<\/p>\n\n\n\n<p>En cuanto al sector tur\u00edstico, mencion\u00f3 \u201clas campa\u00f1as de\ndifusi\u00f3n que estamos llevando adelante para promoci\u00f3n tur\u00edstica en nuestra\nprovincia; por ejemplo, en estos d\u00edas estamos en la Rural de Palermo con un\nstand que tiene financiamiento del CFI&#8221;.<\/p>\n\n\n\n<p>&#8220;Hemos tenido un apoyo permanente del CFI, por lo cual\nes importante ponernos de acuerdo para acciones futuras&#8221;, finaliz\u00f3\nrespecto al encuentro con Ci\u00e1cera.<\/p>\n\n\n\n<p><strong>Cr\u00e9ditos para el\nsector ovino<\/strong><\/p>\n\n\n\n<p>En el encuentro con el titular del CFI, Bordet acord\u00f3 la\npuesta en vigencia de cr\u00e9ditos para el sector ovino, que estar\u00e1n dentro de la\nL\u00ednea de Cr\u00e9ditos para la Reactivaci\u00f3n Productiva que posee el CFI. El monto a\notorgar ser\u00e1 de hasta 180.000 pesos, bajo el r\u00e9gimen de garant\u00eda a sola firma,\ncon un per\u00edodo de gracia de un a\u00f1o y un plazo de devoluci\u00f3n de tres a\u00f1os, y con\nun tope de inter\u00e9s del 15 por ciento.<\/p>\n\n\n\n<p>De acuerdo a los convenido, los cr\u00e9ditos se destinar\u00e1n a\nmejora en infraestructura, incorporaci\u00f3n de vientres y reproductores, y mejora\ngen\u00e9tica.<\/p>\n\n\n\n<p>El acuerdo al que se lleg\u00f3 con el CFI es fruto de la\nnecesidad y conveniencia expresada por el gobierno de la provincia en cuanto al\nfinanciamiento del sector de la producci\u00f3n ovina, ya que estudios realizados\nhan demostrado que existe una tendencia al crecimiento de esta actividad, apareciendo\ncomo una opci\u00f3n rentable para establecimientos peque\u00f1os y medianos.<\/p>\n\n\n\n<p>Adem\u00e1s, se tuvo en cuenta que el consumo per c\u00e1pita anual de\ncarne ovina es de 1,5 kilogramos, por lo que el potencial de crecimiento, aun\nconsiderando el mercado interno, es de gran importancia dadas las\ncaracter\u00edsticas culturales y geogr\u00e1ficas que identifican a la provincia.<\/p>\n\n\n\n<p>En ese marco, el gobernador y el titular del CFI\ncoincidieron en la necesidad de otorgar herramientas a este sector, financiando\nproyectos de inversi\u00f3n impulsando esta creciente industria en la provincia de\nEntre R\u00edos.<\/p>\n\n\n\n<p><strong>Promoci\u00f3n y\ndesarrollo de la producci\u00f3n ovina en Entre R\u00edos<\/strong><\/p>\n\n\n\n<p>En los \u00faltimos cuatro o cinco a\u00f1os en Entre R\u00edos se vino\ndando un aumento paulatino en la producci\u00f3n de carne ovina, que aparece como\nuna de las opciones m\u00e1s rentables para establecimientos peque\u00f1os y medianos,\nfavorecidos por factores como las condiciones geogr\u00e1ficas y ambientales en el\nterritorio provincial que permiten alcanzar niveles de producci\u00f3n eficientes.<\/p>\n\n\n\n<p>En su gran mayor\u00eda se trata de peque\u00f1os productores que\nviven en zonas rurales, ya que en la estratificaci\u00f3n de los establecimientos\novinos, se puede apreciar que m\u00e1s del 80 por ciento se concentra en aquellos de\nbaja escala de producci\u00f3n, con un rodeo de hasta 100 ovinos.<\/p>\n\n\n\n<p><strong>Celebrar\u00e1n los 60\na\u00f1os del CFI en Entre R\u00edos<\/strong><\/p>\n\n\n\n<p>En otro orden, durante el encuentro el gobernador y Ci\u00e1cera\ndefinieron la celebraci\u00f3n en Entre R\u00edos de los 60 a\u00f1os del Consejo Federal de\nInversiones, que se realizar\u00e1 el 4 de septiembre, a partir de las 20, en el\nCentro Provincial de Convenciones de Paran\u00e1.<\/p>\n\n\n\n<p>Al respecto, Ci\u00e1cera coment\u00f3 que en el encuentro con el\nmandatario \u201ctrazamos los puntos finales de un evento que vamos a realizar en\nParan\u00e1 para celebrar los 60 a\u00f1os del CFI. Para nosotros es una satisfacci\u00f3n\nenorme hacerlo en la provincia de Entre R\u00edos, donde trabajamos muy bien tanto\nen cooperaci\u00f3n t\u00e9cnica como financiera\u201d.<\/p>\n\n\n\n<p>\u201cVamos a hacer un acto muy importante, donde va a haber un\nreconocimiento a empresarios, a artistas; ex gobernadores y con la actuaci\u00f3n de\nla sinf\u00f3nica de Entre R\u00edos. Realmente va a ser un evento destacado y ser\u00e1 el\nprimer acto que hacemos en territorio provincial, de una serie que vamos a\nllevar a cabo. Lo estaremos haciendo en una provincia muy amigable, con la que\ntrabajamos muy bien\u201d, subray\u00f3.<\/p>\n","protected":false},"excerpt":{"rendered":"<p>El gobernador Gustavo Bordet acord\u00f3 con el secretario general del Consejo Federal de Inversiones (CFI), Juan Jos\u00e9 Ci\u00e1cera, la implementaci\u00f3n de una l\u00ednea de cr\u00e9ditos para la producci\u00f3n ovina en Entre R\u00edos por hasta 10 millones de pesos. Se celebrar\u00e1n en Entre R\u00edos los 60 a\u00f1os del organismo Tras el encuentro que mantuvo en Buenos Aires con el titular del CFI, el mandatario se\u00f1al\u00f3 que &#8220;el sector ovino nos ven\u00eda reclamando la posibilidad de tener acceso a l\u00edneas de cr\u00e9ditos y en este sentido lo comenzamos a trabajar con nuestros&#8230;<\/p>\n","protected":false},"author":3,"featured_media":48460,"comment_status":"closed","ping_status":"closed","sticky":false,"template":"","format":"standard","meta":[],"categories":[9],"tags":[],"_links":{"self":[{"href":"https:\/\/www.actualidadadiario.com\/index.php\/wp-json\/wp\/v2\/posts\/48459"}],"collection":[{"href":"https:\/\/www.actualidadadiario.com\/index.php\/wp-json\/wp\/v2\/posts"}],"about":[{"href":"https:\/\/www.actualidadadiario.com\/index.php\/wp-json\/wp\/v2\/types\/post"}],"author":[{"embeddable":true,"href":"https:\/\/www.actualidadadiario.com\/index.php\/wp-json\/wp\/v2\/users\/3"}],"replies":[{"embeddable":true,"href":"https:\/\/www.actualidadadiario.com\/index.php\/wp-json\/wp\/v2\/comments?post=48459"}],"version-history":[{"count":1,"href":"https:\/\/www.actualidadadiario.com\/index.php\/wp-json\/wp\/v2\/posts\/48459\/revisions"}],"predecessor-version":[{"id":48461,"href":"https:\/\/www.actualidadadiario.com\/index.php\/wp-json\/wp\/v2\/posts\/48459\/revisions\/48461"}],"wp:featuredmedia":[{"embeddable":true,"href":"https:\/\/www.actualidadadiario.com\/index.php\/wp-json\/wp\/v2\/media\/48460"}],"wp:attachment":[{"href":"https:\/\/www.actualidadadiario.com\/index.php\/wp-json\/wp\/v2\/media?parent=48459"}],"wp:term":[{"taxonomy":"category","embeddable":true,"href":"https:\/\/www.actualidadadiario.com\/index.php\/wp-json\/wp\/v2\/categories?post=48459"},{"taxonomy":"post_tag","embeddable":true,"href":"https:\/\/www.actualidadadiario.com\/index.php\/wp-json\/wp\/v2\/tags?post=48459"}],"curies":[{"name":"wp","href":"https:\/\/api.w.org\/{rel}","templated":true}]}}