{"id":48456,"date":"2019-07-25T11:10:09","date_gmt":"2019-07-25T14:10:09","guid":{"rendered":"https:\/\/www.actualidadadiario.com\/?p=48456"},"modified":"2019-07-25T11:10:09","modified_gmt":"2019-07-25T14:10:09","slug":"murio-hugo-santillan-el-boxeador-que-se-habia-desvanecido-tras-una-pelea","status":"publish","type":"post","link":"https:\/\/www.actualidadadiario.com\/index.php\/2019\/07\/25\/murio-hugo-santillan-el-boxeador-que-se-habia-desvanecido-tras-una-pelea\/","title":{"rendered":"Muri\u00f3 Hugo Santill\u00e1n, el boxeador que se hab\u00eda desvanecido tras una pelea"},"content":{"rendered":"\n<p><strong><em>El boxeador santafesino Hugo Santill\u00e1n, de 23 a\u00f1os, falleci\u00f3 hoy en el Hospital San Felipe de la ciudad bonaerense de San Nicol\u00e1s. El p\u00fagil hab\u00eda sido internado all\u00ed luego de las lesiones que sufri\u00f3 en su pelea del s\u00e1bado pasado ante el uruguayo Eduardo Abreu<\/em><\/strong><\/p>\n\n\n\n<p><\/p>\n\n\n\n<p><\/p>\n\n\n\n<p>&#8220;Dinamita&#8221; Santill\u00e1n, nacido en la ciudad de\nCeres, no hab\u00eda llegado a escuchar el fallo de los jueces tras su pelea con\nAbreu. Mientras se le\u00eda el anuncio de un empate en decisi\u00f3n dividida, el\nboxeador se desmay\u00f3 y tuvieron que aplicarle ox\u00edgeno en el mismo cuadril\u00e1tero\ndel gimnasio del club San Nicol\u00e1s, escenario de la velada box\u00edstica.<\/p>\n\n\n\n<p>Santill\u00e1n fue trasladado en forma inmediata al Hospital San\nFelipe, donde fue alojado en la sala de terapia intensiva. Los m\u00e9dicos\nconstataron que ten\u00eda &#8220;un fuerte traumatismo de cr\u00e1neo&#8221;.<\/p>\n\n\n\n<p>Graciela Olocco, la m\u00e9dica que atendi\u00f3 a Santill\u00e1n en el\ncentro asistencial, dijo que &#8220;el paciente ya hab\u00eda ingresado en estado de\ncoma y nunca recuper\u00f3 la conciencia&#8221;. La profesional confirm\u00f3 que el\ndeceso del joven boxeador se produjo a las 0.15 de hoy.<\/p>\n\n\n\n<p>Santill\u00e1n hab\u00eda nacido en la ciudad de Ceres y poco despu\u00e9s\nse mud\u00f3 con su familia hacia Villa Constituci\u00f3n, tambi\u00e9n en Santa Fe. All\u00ed se\nprodujo su debut como profesional, el 5 de septiembre de 2015, cuando derrot\u00f3\npor nocaut al formose\u00f1o Osvaldo Escalante.<\/p>\n\n\n\n<p>A su \u00faltima pelea, la del s\u00e1bado pasado frente al uruguayo\nAbreu, Santill\u00e1n lleg\u00f3 con un r\u00e9cord de 19 victorias (ocho por nocaut), un\nempate y seis derrotas, dos por la v\u00eda r\u00e1pida.<\/p>\n","protected":false},"excerpt":{"rendered":"<p>El boxeador santafesino Hugo Santill\u00e1n, de 23 a\u00f1os, falleci\u00f3 hoy en el Hospital San Felipe de la ciudad bonaerense de San Nicol\u00e1s. El p\u00fagil hab\u00eda sido internado all\u00ed luego de las lesiones que sufri\u00f3 en su pelea del s\u00e1bado pasado ante el uruguayo Eduardo Abreu &#8220;Dinamita&#8221; Santill\u00e1n, nacido en la ciudad de Ceres, no hab\u00eda llegado a escuchar el fallo de los jueces tras su pelea con Abreu. Mientras se le\u00eda el anuncio de un empate en decisi\u00f3n dividida, el boxeador se desmay\u00f3 y tuvieron que aplicarle ox\u00edgeno en el&#8230;<\/p>\n","protected":false},"author":3,"featured_media":48457,"comment_status":"closed","ping_status":"closed","sticky":false,"template":"","format":"standard","meta":[],"categories":[4],"tags":[],"_links":{"self":[{"href":"https:\/\/www.actualidadadiario.com\/index.php\/wp-json\/wp\/v2\/posts\/48456"}],"collection":[{"href":"https:\/\/www.actualidadadiario.com\/index.php\/wp-json\/wp\/v2\/posts"}],"about":[{"href":"https:\/\/www.actualidadadiario.com\/index.php\/wp-json\/wp\/v2\/types\/post"}],"author":[{"embeddable":true,"href":"https:\/\/www.actualidadadiario.com\/index.php\/wp-json\/wp\/v2\/users\/3"}],"replies":[{"embeddable":true,"href":"https:\/\/www.actualidadadiario.com\/index.php\/wp-json\/wp\/v2\/comments?post=48456"}],"version-history":[{"count":1,"href":"https:\/\/www.actualidadadiario.com\/index.php\/wp-json\/wp\/v2\/posts\/48456\/revisions"}],"predecessor-version":[{"id":48458,"href":"https:\/\/www.actualidadadiario.com\/index.php\/wp-json\/wp\/v2\/posts\/48456\/revisions\/48458"}],"wp:featuredmedia":[{"embeddable":true,"href":"https:\/\/www.actualidadadiario.com\/index.php\/wp-json\/wp\/v2\/media\/48457"}],"wp:attachment":[{"href":"https:\/\/www.actualidadadiario.com\/index.php\/wp-json\/wp\/v2\/media?parent=48456"}],"wp:term":[{"taxonomy":"category","embeddable":true,"href":"https:\/\/www.actualidadadiario.com\/index.php\/wp-json\/wp\/v2\/categories?post=48456"},{"taxonomy":"post_tag","embeddable":true,"href":"https:\/\/www.actualidadadiario.com\/index.php\/wp-json\/wp\/v2\/tags?post=48456"}],"curies":[{"name":"wp","href":"https:\/\/api.w.org\/{rel}","templated":true}]}}