{"id":48450,"date":"2019-07-25T11:08:40","date_gmt":"2019-07-25T14:08:40","guid":{"rendered":"https:\/\/www.actualidadadiario.com\/?p=48450"},"modified":"2019-07-25T11:08:40","modified_gmt":"2019-07-25T14:08:40","slug":"renuncio-rosello-en-puerto-rico","status":"publish","type":"post","link":"https:\/\/www.actualidadadiario.com\/index.php\/2019\/07\/25\/renuncio-rosello-en-puerto-rico\/","title":{"rendered":"Renunci\u00f3 Rosell\u00f3 en Puerto Rico"},"content":{"rendered":"\n<p><strong><em>Es el primer gobernador de la isla que presenta su dimisi\u00f3n en medio de su mandato. Se vio forzado por las masivas manifestaciones desatadas tras la filtraci\u00f3n de un chat privado en el que insultaba a rivales pol\u00edticos, artistas y miembros de la comunidad LGBT<\/em><\/strong><\/p>\n\n\n\n<p><\/p>\n\n\n\n<p><\/p>\n\n\n\n<p>Ricardo Rossell\u00f3 cedi\u00f3 a la presi\u00f3n popular y tras dos a\u00f1os\ny medio en el poder present\u00f3 su renuncia como gobernador de Puerto Rico, luego\ndel esc\u00e1ndalo desatado por su participaci\u00f3n y la de funcionarios y asesores en\nun chat privado en el que se denostaba a rivales pol\u00edticos, artistas y miembros\nde la comunidad LGBT. <\/p>\n\n\n\n<p>Las masivas manifestaciones encabezadas por figuras como los\nartistas Ricky Martin, Bad Bunny y Residente lograron forzar la renuncia de\nRosell\u00f3, que fue anunciada anoche. Se har\u00e1 efectiva el pr\u00f3ximo viernes 2 de\nagosto y su lugar ser\u00e1 ocupado por la secretaria de Justicia, Wanda V\u00e1zquez\nseg\u00fan anunci\u00f3 el propio renunciante en un mensaje grabado. <\/p>\n\n\n\n<p>Se trata de un hecho hist\u00f3rico, ya que Rossell\u00f3 es el primer\ngobernador de la isla que dimite durante su mandato. Anoche hubo festejos en\nlas calles de San Juan tras la decisi\u00f3n, que ya hab\u00eda sido anticipada ayer por\ngran parte de la prensa local.<\/p>\n\n\n\n<p>En su primera reacci\u00f3n tras la dimisi\u00f3n, V\u00e1zquez asegur\u00f3 en\nun comunicado que se trata de la &#8220;mejor decisi\u00f3n que pudo tomar Rossell\u00f3,\npor el bien del pa\u00eds y de su familia, y as\u00ed se lo comunicamos&#8221;. &#8220;Como\nnos ha indicado, su renuncia no ser\u00e1 efectiva hoy. Estaremos trabajando en\nconjunto para llevar a cabo un proceso de transici\u00f3n ordenado y transparente&#8221;,\nmanifest\u00f3.<\/p>\n\n\n\n<p>La isla se encontraba inmersa desde hace once d\u00edas en la\npeor crisis pol\u00edtica de su historia a consecuencia de la filtraci\u00f3n de una\nconversaci\u00f3n privada en un grupo de chat en el que Rossell\u00f3, junto a varios\nasesores, insultaban y se burlan de periodistas, artistas y pol\u00edticos, y el\ncolectivo LGTB.<\/p>\n\n\n\n<p>En su discurso, el gobernador asever\u00f3 que tras\n&#8220;escuchar el reclamo, hablar con mi familia, pensar en mis hijos y en\noraci\u00f3n, hoy les anuncio que estar\u00e9 renunciando al puesto del gobernador\nefectivo 2 de agosto&#8221;.<\/p>\n\n\n\n<p>A su vez, indic\u00f3 que espera que esta decisi\u00f3n &#8220;sea un\nllamado de reconciliaci\u00f3n ciudadana&#8221; y se mostr\u00f3 convencido de que culmina\nsu mandato deseando la paz y el progreso del pa\u00eds&#8221;.<\/p>\n\n\n\n<p>En una primera reacci\u00f3n, el presidente del Partido Popular\nDemocr\u00e1tico (PPD) -principal partido de la oposici\u00f3n-, An\u00edbal Jos\u00e9 Torres, dijo\nque el &#8220;grito &#8216;somos m\u00e1s y no tenemos miedo&#8217; retumbar\u00e1 en las mentes de\nquienes piensen que el servicio p\u00fablico y los cargos electivos permiten abusar\ndel poder, denigrar, menospreciar y hurtar de los recursos de todos&#8221;.<\/p>\n\n\n\n<p>&#8220;Ahora nos toca reconstruir nuestro pa\u00eds y nuestras\ninstituciones para que esta tragedia no vuelva a ocurrir. La renuncia del\ngobernador es el resultado de la uni\u00f3n de voluntades de todo un pueblo, quienes\nunidos y al un\u00edsono, reclamaron y exigieron el fin de una administraci\u00f3n\nmarcada por la insensibilidad, la inmadurez y la insensatez&#8221;, agreg\u00f3.<\/p>\n","protected":false},"excerpt":{"rendered":"<p>Es el primer gobernador de la isla que presenta su dimisi\u00f3n en medio de su mandato. Se vio forzado por las masivas manifestaciones desatadas tras la filtraci\u00f3n de un chat privado en el que insultaba a rivales pol\u00edticos, artistas y miembros de la comunidad LGBT Ricardo Rossell\u00f3 cedi\u00f3 a la presi\u00f3n popular y tras dos a\u00f1os y medio en el poder present\u00f3 su renuncia como gobernador de Puerto Rico, luego del esc\u00e1ndalo desatado por su participaci\u00f3n y la de funcionarios y asesores en un chat privado en el que se&#8230;<\/p>\n","protected":false},"author":3,"featured_media":48451,"comment_status":"closed","ping_status":"closed","sticky":false,"template":"","format":"standard","meta":[],"categories":[4],"tags":[],"_links":{"self":[{"href":"https:\/\/www.actualidadadiario.com\/index.php\/wp-json\/wp\/v2\/posts\/48450"}],"collection":[{"href":"https:\/\/www.actualidadadiario.com\/index.php\/wp-json\/wp\/v2\/posts"}],"about":[{"href":"https:\/\/www.actualidadadiario.com\/index.php\/wp-json\/wp\/v2\/types\/post"}],"author":[{"embeddable":true,"href":"https:\/\/www.actualidadadiario.com\/index.php\/wp-json\/wp\/v2\/users\/3"}],"replies":[{"embeddable":true,"href":"https:\/\/www.actualidadadiario.com\/index.php\/wp-json\/wp\/v2\/comments?post=48450"}],"version-history":[{"count":1,"href":"https:\/\/www.actualidadadiario.com\/index.php\/wp-json\/wp\/v2\/posts\/48450\/revisions"}],"predecessor-version":[{"id":48452,"href":"https:\/\/www.actualidadadiario.com\/index.php\/wp-json\/wp\/v2\/posts\/48450\/revisions\/48452"}],"wp:featuredmedia":[{"embeddable":true,"href":"https:\/\/www.actualidadadiario.com\/index.php\/wp-json\/wp\/v2\/media\/48451"}],"wp:attachment":[{"href":"https:\/\/www.actualidadadiario.com\/index.php\/wp-json\/wp\/v2\/media?parent=48450"}],"wp:term":[{"taxonomy":"category","embeddable":true,"href":"https:\/\/www.actualidadadiario.com\/index.php\/wp-json\/wp\/v2\/categories?post=48450"},{"taxonomy":"post_tag","embeddable":true,"href":"https:\/\/www.actualidadadiario.com\/index.php\/wp-json\/wp\/v2\/tags?post=48450"}],"curies":[{"name":"wp","href":"https:\/\/api.w.org\/{rel}","templated":true}]}}