{"id":48444,"date":"2019-07-25T11:07:22","date_gmt":"2019-07-25T14:07:22","guid":{"rendered":"https:\/\/www.actualidadadiario.com\/?p=48444"},"modified":"2019-07-25T11:07:22","modified_gmt":"2019-07-25T14:07:22","slug":"facebook-debe-pagar-una-multa-millonaria","status":"publish","type":"post","link":"https:\/\/www.actualidadadiario.com\/index.php\/2019\/07\/25\/facebook-debe-pagar-una-multa-millonaria\/","title":{"rendered":"Facebook debe pagar una multa millonaria"},"content":{"rendered":"\n<p><strong><em>Adem\u00e1s de los 5000 millones de d\u00f3lares, se exige a Mark Zuckerberg que asuma responsabilidad personal (y penal) en el tema<\/em><\/strong><\/p>\n\n\n\n<p><\/p>\n\n\n\n<p><\/p>\n\n\n\n<p>La Comisi\u00f3n Federal del Comercio de Estados Unidos&nbsp; (FTC) anunci\u00f3 este mi\u00e9rcoles un acuerdo con\nFacebook por el que la red social ser\u00e1 sancionada con 5.000 millones de d\u00f3lares\npor su mala gesti\u00f3n de la privacidad de los usuarios y exigir\u00e1 a Mark\nZuckerberg que rinda cuentas por este asunto.<\/p>\n\n\n\n<p>Se trata de la mayor multa jam\u00e1s impuesta en el pa\u00eds a una\nempresa tecnol\u00f3gica y una de las m\u00e1s cuantiosas de la historia de la FTC, pero\npese a eso los miembros dem\u00f3cratas del ente regulador se quejaron de que \u00e9sta\nno va lo suficientemente lejos y no resuelve de ra\u00edz las malas pr\u00e1cticas de\nFacebook.<\/p>\n\n\n\n<p>Adem\u00e1s de la sanci\u00f3n, la compa\u00f1\u00eda de Menlo Park (California)\nse comprometi\u00f3 a cumplir una serie de medidas acordadas para mejorar sus\noperaciones en lo relativo a privacidad, que incluyen, entre otras, que\nZuckerberg, el cofundador y consejero delegado de la empresa, tenga que\ncertificar personalmente los avances en este campo.<\/p>\n\n\n\n<p>De este modo, si Zuckerberg mintiese y sus declaraciones no\nse correspondiesen con mejoras reales dentro de la compa\u00f1\u00eda, se podr\u00eda\nperseguirlo con cargos tanto civiles como criminales a nivel individual por\nhaber dado falso testimonio.<\/p>\n\n\n\n<p>La FTC indic\u00f3 que WhatsApp, Instagram y Messenger, compa\u00f1\u00edas\nque forman parte del conglomerado de Facebook, tambi\u00e9n deben atenerse a los\nt\u00e9rminos del acuerdo con las autoridades estadounidenses.<\/p>\n\n\n\n<p>&#8220;Facebook deber\u00e1 llevar a cabo una revisi\u00f3n de sus\npol\u00edticas de privacidad de cualquier producto, servicio o pr\u00e1ctica, nuevo o\nmodificado, antes de ser implementado y documentar todas sus decisiones\nrelacionadas con pol\u00edticas de privacidad&#8221;, detall\u00f3 el ente regulador.<\/p>\n\n\n\n<p>La investigaci\u00f3n de la FTC sobre Facebook abarc\u00f3 varios\naspectos de la gesti\u00f3n que la compa\u00f1\u00eda hace de los datos de los usuarios,\naunque puso especial \u00e9nfasis en el mayor esc\u00e1ndalo de todos los que han\nsalpicado a la firma en los \u00faltimos a\u00f1os: el de la consultora brit\u00e1nica\nCambridge Analytica.<\/p>\n\n\n\n<p>En marzo de 2018 se revel\u00f3 que esa empresa hab\u00eda usado sin\nsu permiso datos de los internautas para elaborar perfiles psicol\u00f3gicos de\nvotantes estadounidenses, que fueron supuestamente vendidos, entre otros, a la\ncampa\u00f1a del ahora presidente norteamericano, Donald Trump, durante las\nelecciones de 2016.<\/p>\n\n\n\n<p>La FTC determin\u00f3 que Facebook rompi\u00f3 la ley al haber\npermitido que terceros se hiciesen con esos datos, al haber usado n\u00fameros de\ntel\u00e9fono facilitados por motivos de seguridad para enviar anuncios y al haber\nmentido a los usuarios al decirles que su sistema de reconocimiento facial se\ndesactivaba por defecto (el usuario no deb\u00eda hacer nada para desactivarlo).<\/p>\n\n\n\n<p>Las sanciones a la red social fueron aprobadas en el seno de\nla FTC por tres votos a favor y dos en contra, correspondientes a los\nrepresentantes republicanos y dem\u00f3cratas respectivamente.<\/p>\n\n\n\n<p>El rechazo de los progresistas al acuerdo se debi\u00f3 a que\nentendieron que este se quedaba corto y que no solucionaba &#8220;los incentivos\nfinancieros de Facebook para poner en riesgo la privacidad personal y la\nseguridad nacional&#8221;, seg\u00fan indicaron en un comunicado.<\/p>\n\n\n\n<p>Por su parte, la empresa dijo que el acuerdo alcanzado le da\n&#8220;un nuevo marco integral con el que proteger la privacidad de las\npersonas&#8221; y se comprometi\u00f3 a poner en marcha &#8220;controles de privacidad\nparejos a los controles financieros&#8221;.<\/p>\n\n\n\n<p>En paralelo a la de la FTC, otro organismo de Estados\nUnidos, la Comisi\u00f3n del Mercado de Valores (SEC), tambi\u00e9n anunci\u00f3 este\nmi\u00e9rcoles otra multa a Facebook, en este caso por valor de 100 millones, por no\nhaber informado debidamente a sus inversores de las pr\u00e1cticas con respecto a la\nprivacidad, lo que les hizo asumir riesgos sin saberlo.<\/p>\n\n\n\n<p>La SEC hall\u00f3 que la empresa de Zuckerberg no inform\u00f3\ndebidamente a sus inversores de que desarrolladores y otras personas ajenas a\nla compa\u00f1\u00eda hab\u00edan obtenido datos de los usuarios sin su permiso, lo que supone\nuna violaci\u00f3n de las propias pol\u00edticas de Facebook.<\/p>\n\n\n\n<p>La red social presentar\u00e1 sus resultados financieros\ncorrespondientes a la primera mitad de su ejercicio fiscal 2019, seguidos de\nuna conferencia telef\u00f3nica en la que con toda probabilidad los directivos ser\u00e1n\nindagados en relaci\u00f3n con estas multas y les pedir\u00e1n explicaciones sobre por\nqu\u00e9 no cumplen con la protecci\u00f3n de los datos de los usuarios . <\/p>\n","protected":false},"excerpt":{"rendered":"<p>Adem\u00e1s de los 5000 millones de d\u00f3lares, se exige a Mark Zuckerberg que asuma responsabilidad personal (y penal) en el tema La Comisi\u00f3n Federal del Comercio de Estados Unidos&nbsp; (FTC) anunci\u00f3 este mi\u00e9rcoles un acuerdo con Facebook por el que la red social ser\u00e1 sancionada con 5.000 millones de d\u00f3lares por su mala gesti\u00f3n de la privacidad de los usuarios y exigir\u00e1 a Mark Zuckerberg que rinda cuentas por este asunto. Se trata de la mayor multa jam\u00e1s impuesta en el pa\u00eds a una empresa tecnol\u00f3gica y una de las&#8230;<\/p>\n","protected":false},"author":3,"featured_media":48445,"comment_status":"closed","ping_status":"closed","sticky":false,"template":"","format":"standard","meta":[],"categories":[4],"tags":[],"_links":{"self":[{"href":"https:\/\/www.actualidadadiario.com\/index.php\/wp-json\/wp\/v2\/posts\/48444"}],"collection":[{"href":"https:\/\/www.actualidadadiario.com\/index.php\/wp-json\/wp\/v2\/posts"}],"about":[{"href":"https:\/\/www.actualidadadiario.com\/index.php\/wp-json\/wp\/v2\/types\/post"}],"author":[{"embeddable":true,"href":"https:\/\/www.actualidadadiario.com\/index.php\/wp-json\/wp\/v2\/users\/3"}],"replies":[{"embeddable":true,"href":"https:\/\/www.actualidadadiario.com\/index.php\/wp-json\/wp\/v2\/comments?post=48444"}],"version-history":[{"count":1,"href":"https:\/\/www.actualidadadiario.com\/index.php\/wp-json\/wp\/v2\/posts\/48444\/revisions"}],"predecessor-version":[{"id":48446,"href":"https:\/\/www.actualidadadiario.com\/index.php\/wp-json\/wp\/v2\/posts\/48444\/revisions\/48446"}],"wp:featuredmedia":[{"embeddable":true,"href":"https:\/\/www.actualidadadiario.com\/index.php\/wp-json\/wp\/v2\/media\/48445"}],"wp:attachment":[{"href":"https:\/\/www.actualidadadiario.com\/index.php\/wp-json\/wp\/v2\/media?parent=48444"}],"wp:term":[{"taxonomy":"category","embeddable":true,"href":"https:\/\/www.actualidadadiario.com\/index.php\/wp-json\/wp\/v2\/categories?post=48444"},{"taxonomy":"post_tag","embeddable":true,"href":"https:\/\/www.actualidadadiario.com\/index.php\/wp-json\/wp\/v2\/tags?post=48444"}],"curies":[{"name":"wp","href":"https:\/\/api.w.org\/{rel}","templated":true}]}}