{"id":48435,"date":"2019-07-25T11:02:41","date_gmt":"2019-07-25T14:02:41","guid":{"rendered":"https:\/\/www.actualidadadiario.com\/?p=48435"},"modified":"2019-07-25T11:02:41","modified_gmt":"2019-07-25T14:02:41","slug":"gobierno-llama-al-consejo-del-salario-tras-las-paso-sindicatos-pediran-55-para-empatar-inflacion-oficial","status":"publish","type":"post","link":"https:\/\/www.actualidadadiario.com\/index.php\/2019\/07\/25\/gobierno-llama-al-consejo-del-salario-tras-las-paso-sindicatos-pediran-55-para-empatar-inflacion-oficial\/","title":{"rendered":"Gobierno llama al Consejo del Salario tras las PASO: sindicatos pedir\u00e1n 55% para empatar inflaci\u00f3n oficial"},"content":{"rendered":"\n<p><strong><em>El ministro de Producci\u00f3n y Trabajo Dante Sica eval\u00faa convocar a empresarios y gremialistas de la CGT y las CTA para definir en nuevo salario b\u00e1sico, que hoy est\u00e1 en $12.500. Ofrecer\u00eda suba del 30%<\/em><\/strong><\/p>\n\n\n\n<p><\/p>\n\n\n\n<p><\/p>\n\n\n\n<p>El ministro de Producci\u00f3n y Trabajo Dante Sica eval\u00faa\nconvocar al Consejo del Salario M\u00ednimo, Vital y M\u00f3vil luego de las PASO de\nagosto.<\/p>\n\n\n\n<p>Aunque todav\u00eda no se conoce la fecha precisa, fuentes\noficiales estiman que la reuni\u00f3n con los gremios y empresarios se realizar\u00e1 la\nsegunda semana de agosto, con el resultado de las primarias sobre la mesa.<\/p>\n\n\n\n<p>Hoy el salario m\u00ednimo se ubica $12.500, luego de los\nsucesivos incrementos pautados el a\u00f1o pasado que lo llevaron de $9.500 en junio\nde 2018 a $10.000 en agosto siguiente, a $10.700 noviembre, a $11.300 en\nfebrero de este a\u00f1o y a los actuales $12.500.<\/p>\n\n\n\n<p>La \u00faltima reuni\u00f3n del Consejo fue el 8 de agosto de 2018,\ncuando todav\u00eda Jorge Triaca era el ministro de Trabajo y la cartera laboral\nten\u00eda rango de ministerio.<\/p>\n\n\n\n<p>Se habla que este a\u00f1o el aumento podr\u00eda rondar el 30%, pero\nhay sindicalistas combativos que exigir\u00e1n el doble, para compensar la inflaci\u00f3n\ncalculada en 55,8% para los \u00faltimos 12 meses.<\/p>\n\n\n\n<p>La suba acordada en el \u00e1mbito del Ministerio con la CGT y\nlas CTA sirve de referencia para medio mill\u00f3n de trabajadores sin convenio\nlaboral, pero tambi\u00e9n lo tiene en cuenta empleadores de los m\u00e1s de 5 millones\nde empleados no registrados. Adem\u00e1s de subir el salario m\u00ednimo, tambi\u00e9n se\nactualizar\u00e1 al monto de la prestaci\u00f3n por desempleo.<\/p>\n","protected":false},"excerpt":{"rendered":"<p>El ministro de Producci\u00f3n y Trabajo Dante Sica eval\u00faa convocar a empresarios y gremialistas de la CGT y las CTA para definir en nuevo salario b\u00e1sico, que hoy est\u00e1 en $12.500. Ofrecer\u00eda suba del 30% El ministro de Producci\u00f3n y Trabajo Dante Sica eval\u00faa convocar al Consejo del Salario M\u00ednimo, Vital y M\u00f3vil luego de las PASO de agosto. Aunque todav\u00eda no se conoce la fecha precisa, fuentes oficiales estiman que la reuni\u00f3n con los gremios y empresarios se realizar\u00e1 la segunda semana de agosto, con el resultado de las&#8230;<\/p>\n","protected":false},"author":3,"featured_media":48436,"comment_status":"closed","ping_status":"closed","sticky":false,"template":"","format":"standard","meta":[],"categories":[18],"tags":[],"_links":{"self":[{"href":"https:\/\/www.actualidadadiario.com\/index.php\/wp-json\/wp\/v2\/posts\/48435"}],"collection":[{"href":"https:\/\/www.actualidadadiario.com\/index.php\/wp-json\/wp\/v2\/posts"}],"about":[{"href":"https:\/\/www.actualidadadiario.com\/index.php\/wp-json\/wp\/v2\/types\/post"}],"author":[{"embeddable":true,"href":"https:\/\/www.actualidadadiario.com\/index.php\/wp-json\/wp\/v2\/users\/3"}],"replies":[{"embeddable":true,"href":"https:\/\/www.actualidadadiario.com\/index.php\/wp-json\/wp\/v2\/comments?post=48435"}],"version-history":[{"count":1,"href":"https:\/\/www.actualidadadiario.com\/index.php\/wp-json\/wp\/v2\/posts\/48435\/revisions"}],"predecessor-version":[{"id":48437,"href":"https:\/\/www.actualidadadiario.com\/index.php\/wp-json\/wp\/v2\/posts\/48435\/revisions\/48437"}],"wp:featuredmedia":[{"embeddable":true,"href":"https:\/\/www.actualidadadiario.com\/index.php\/wp-json\/wp\/v2\/media\/48436"}],"wp:attachment":[{"href":"https:\/\/www.actualidadadiario.com\/index.php\/wp-json\/wp\/v2\/media?parent=48435"}],"wp:term":[{"taxonomy":"category","embeddable":true,"href":"https:\/\/www.actualidadadiario.com\/index.php\/wp-json\/wp\/v2\/categories?post=48435"},{"taxonomy":"post_tag","embeddable":true,"href":"https:\/\/www.actualidadadiario.com\/index.php\/wp-json\/wp\/v2\/tags?post=48435"}],"curies":[{"name":"wp","href":"https:\/\/api.w.org\/{rel}","templated":true}]}}