{"id":48432,"date":"2019-07-25T11:02:02","date_gmt":"2019-07-25T14:02:02","guid":{"rendered":"https:\/\/www.actualidadadiario.com\/?p=48432"},"modified":"2019-07-25T11:02:02","modified_gmt":"2019-07-25T14:02:02","slug":"luego-de-mas-de-seis-anos-cristina-y-massa-volveran-a-compartir-un-acto-publico","status":"publish","type":"post","link":"https:\/\/www.actualidadadiario.com\/index.php\/2019\/07\/25\/luego-de-mas-de-seis-anos-cristina-y-massa-volveran-a-compartir-un-acto-publico\/","title":{"rendered":"Luego de m\u00e1s de seis a\u00f1os, Cristina y Massa volver\u00e1n a compartir un acto p\u00fablico"},"content":{"rendered":"\n<p><strong><em>Ocurrir\u00e1 el pr\u00f3ximo 3 de agosto en Tigre. La ex presidenta har\u00e1 una de las presentaciones de su libro en Tigre y el ex jefe de Gabinete la acompa\u00f1ar\u00e1<\/em><\/strong><\/p>\n\n\n\n<p><\/p>\n\n\n\n<p><\/p>\n\n\n\n<p>Tras m\u00e1s de seis a\u00f1os de distancia y enfrentamientos,\nCristina Kirchner y Sergio Massa volver\u00e1n a compartir un acto. Ser\u00e1 el s\u00e1bado 3\nde agosto en Tigre, cuando la ex presidenta presente all\u00ed su libro\nSinceramente.<\/p>\n\n\n\n<p>Si bien no se defini\u00f3 a\u00fan d\u00f3nde se realizar\u00e1 el acto, una de\nlas alternativas que se barajan es la sede de Pacheco de la Universidad\nTecnol\u00f3gica Nacional. La otra posibilidad es que se realice en el estadio\nDirect TV, ubicado en el l\u00edmite entre Tigre y Malvinas Argentinas.<\/p>\n\n\n\n<p>Tambi\u00e9n asistir\u00e1n el intendente Julio Zamora, el\nprecandidato presidencial Alberto Fern\u00e1ndez y los integrantes de la f\u00f3rmula que\ncompetir\u00e1 por la gobernaci\u00f3n bonaerense: Axel Kicillof y Ver\u00f3nica Magario.<\/p>\n\n\n\n<p>Seg\u00fan recuerdan los memoriosos, la \u00faltima vez que Cristina y\nMassa compartieron un acto fue el 16 de mayo de 2013, cuando ella era presidenta\ny \u00e9l intendente de Tigre.<\/p>\n\n\n\n<p>Luego de la conformaci\u00f3n del Frente de Todos, que volvi\u00f3 a\nreunirlos en un mismo espacio, ella como candidata a vicepresidenta y \u00e9l\nencabezando la lista de diputados nacionales por la provincia de Buenos Aires,\ntodav\u00eda no hubo una foto conjunta, pese a que existieron encuentros en privado.\nEn cambio, el l\u00edder del Frente Renovador s\u00ed comparti\u00f3 actos con Kicillof,\nMagario y Alberto Fern\u00e1ndez. <\/p>\n\n\n\n<p>La presentaci\u00f3n de Cristina en Tigre ser\u00e1 una de las dos\napariciones que la ex presidenta tiene previstas en el conurbano bonaerense\nantes de las PASO. La otra ser\u00e1 en la Tercera Secci\u00f3n electoral de la\nProvincia, donde mayor peso tiene el Frente de Todos.<\/p>\n","protected":false},"excerpt":{"rendered":"<p>Ocurrir\u00e1 el pr\u00f3ximo 3 de agosto en Tigre. La ex presidenta har\u00e1 una de las presentaciones de su libro en Tigre y el ex jefe de Gabinete la acompa\u00f1ar\u00e1 Tras m\u00e1s de seis a\u00f1os de distancia y enfrentamientos, Cristina Kirchner y Sergio Massa volver\u00e1n a compartir un acto. Ser\u00e1 el s\u00e1bado 3 de agosto en Tigre, cuando la ex presidenta presente all\u00ed su libro Sinceramente. Si bien no se defini\u00f3 a\u00fan d\u00f3nde se realizar\u00e1 el acto, una de las alternativas que se barajan es la sede de Pacheco de la&#8230;<\/p>\n","protected":false},"author":3,"featured_media":48433,"comment_status":"closed","ping_status":"closed","sticky":false,"template":"","format":"standard","meta":[],"categories":[18],"tags":[],"_links":{"self":[{"href":"https:\/\/www.actualidadadiario.com\/index.php\/wp-json\/wp\/v2\/posts\/48432"}],"collection":[{"href":"https:\/\/www.actualidadadiario.com\/index.php\/wp-json\/wp\/v2\/posts"}],"about":[{"href":"https:\/\/www.actualidadadiario.com\/index.php\/wp-json\/wp\/v2\/types\/post"}],"author":[{"embeddable":true,"href":"https:\/\/www.actualidadadiario.com\/index.php\/wp-json\/wp\/v2\/users\/3"}],"replies":[{"embeddable":true,"href":"https:\/\/www.actualidadadiario.com\/index.php\/wp-json\/wp\/v2\/comments?post=48432"}],"version-history":[{"count":1,"href":"https:\/\/www.actualidadadiario.com\/index.php\/wp-json\/wp\/v2\/posts\/48432\/revisions"}],"predecessor-version":[{"id":48434,"href":"https:\/\/www.actualidadadiario.com\/index.php\/wp-json\/wp\/v2\/posts\/48432\/revisions\/48434"}],"wp:featuredmedia":[{"embeddable":true,"href":"https:\/\/www.actualidadadiario.com\/index.php\/wp-json\/wp\/v2\/media\/48433"}],"wp:attachment":[{"href":"https:\/\/www.actualidadadiario.com\/index.php\/wp-json\/wp\/v2\/media?parent=48432"}],"wp:term":[{"taxonomy":"category","embeddable":true,"href":"https:\/\/www.actualidadadiario.com\/index.php\/wp-json\/wp\/v2\/categories?post=48432"},{"taxonomy":"post_tag","embeddable":true,"href":"https:\/\/www.actualidadadiario.com\/index.php\/wp-json\/wp\/v2\/tags?post=48432"}],"curies":[{"name":"wp","href":"https:\/\/api.w.org\/{rel}","templated":true}]}}