{"id":48429,"date":"2019-07-25T11:01:25","date_gmt":"2019-07-25T14:01:25","guid":{"rendered":"https:\/\/www.actualidadadiario.com\/?p=48429"},"modified":"2019-07-25T11:01:25","modified_gmt":"2019-07-25T14:01:25","slug":"con-la-firma-de-un-compromiso-perotti-intenta-que-los-productores-acepten-a-alberto","status":"publish","type":"post","link":"https:\/\/www.actualidadadiario.com\/index.php\/2019\/07\/25\/con-la-firma-de-un-compromiso-perotti-intenta-que-los-productores-acepten-a-alberto\/","title":{"rendered":"Con la firma de un compromiso, Perotti intenta que los productores acepten a Alberto"},"content":{"rendered":"\n<p><strong><em>Alberto firmar\u00e1 un acta de compromisos con el sector. Horas antes pas\u00f3 por la provincia Macri y visit\u00f3 tamberos<\/em><\/strong><\/p>\n\n\n\n<p><\/p>\n\n\n\n<p><\/p>\n\n\n\n<p>Omar Perotti acompa\u00f1ar\u00e1 este jueves y viernes a Alberto\nFern\u00e1ndez en un marat\u00f3nico recorrido por el centro y norte de la provincia de\nSanta Fe, una gira clave para el candidato del Frente de Todos que se reunir\u00e1\ncon industriales y productores a en el coraz\u00f3n del polo agr\u00edcola.<\/p>\n\n\n\n<p>Reconquista, Rafaela y Esperanza son las tres localidades\nque visitar\u00e1 el primer d\u00eda mientras que el viernes har\u00e1 pie en la ciudad\ncapital donde atender\u00e1 a medios de comunicaci\u00f3n y concluir\u00e1 con un acto para la\nmilitancia.<\/p>\n\n\n\n<p>La visita es de suma importancia para la campa\u00f1a de cara a\nlas PASO ya que en cada ciudad se reunir\u00e1 con productores agropecuarios, un\nsector por dem\u00e1s de esquivo para el kirchnerismo al cual a\u00fan le reprochan el\nconflicto por la 125 y donde se asienta el principal capital electoral de Cambiemos\ndel interior del pa\u00eds.<\/p>\n\n\n\n<p>De hecho, por estas horas Macri visit\u00f3 la localidad de\nSunchales y Rafaela antes de viajar hacia C\u00f3rdoba pare reunirse con Juan\nSchiaretti y fidelizar el electorado que en el 2015 le permiti\u00f3 acceder a la\nCasa Rosada aunque saben que ser\u00e1 dif\u00edcil lograr los hist\u00f3ricos 75 puntos de\nentonces.<\/p>\n\n\n\n<p>Es por ello que el ex jefe de Gabinete de N\u00e9stor Kirchner\nintentar\u00e1 romper las reticencias y atraer a ese votante esquivo que con\nseguridad lo indagar\u00e1n sobre dos temas fundamentales para el sector:\nretenciones y pol\u00edtica cambiaria, temas del \u00e1rea econ\u00f3mica que no ha sabido\nmanejar con total ductilidad y donde muchos le aconsejan designar un equipo\nespecializado.<\/p>\n\n\n\n<p>Sin embargo, contar\u00e1 con el acompa\u00f1amiento del rafaelino\nOmar Perotti, gobernador electo de la provincia, quien conoce en profundidad la\nidiosincrasia de los productores agropecuarios y que estiman ser\u00e1 de una\nimportante ayuda para que Fern\u00e1ndez se pueda ganar la confianza de los mismos.<\/p>\n\n\n\n<p>D\u00edas atr\u00e1s, tal como public\u00f3 La Pol\u00edtica Online cuando la\nposibilidad de este encuentro a\u00fan no era seguro, Perotti le pidi\u00f3 a Fern\u00e1ndez\nla firma de un documento donde consten los principales lineamientos que se\ncompromete con la provincia de Santa Fe en caso de ser presidente de la Naci\u00f3n.\nEntre los puntos a destacar incluir\u00eda infraestructura, obras p\u00fablicas,\nseguridad y alg\u00fan bosquejo sobre la deuda de m\u00e1s de 60 mil millones de pesos\nque Naci\u00f3n mantiene con el distrito.<\/p>\n\n\n\n<p>En esta oportunidad, Fern\u00e1ndez recorrer\u00e1 el centro norte de\nla provincia y calculan que en la \u00faltima semana de campa\u00f1a haga pie en alguna\nlocalidad del sur y en Rosario donde la imagen negativa del gobierno de Macri\nsupera el 70 por ciento.<\/p>\n\n\n\n<p>Por su parte, Perotti est\u00e1 concentrado en la traspaso de\nmando y en la formaci\u00f3n del gabinete aunque no se conocer\u00e1n detalles hasta\ndespu\u00e9s de que aclare el panorama nacional, seg\u00fan indicaron a este medio\nfuentes allegadas al gobernador electo.<\/p>\n\n\n\n<p>A pesar de ello, el rafaelino se hizo un lugar en la agenda\npara viajar a C\u00f3rdoba y encontrarse con Juan Schiaretti horas antes de que este\nreciba a Mauricio Macri. En el Centro C\u00edvico del Bicentenario dialogaron sobre\nla integraci\u00f3n de gasoductos, acueductos y del sistema h\u00eddrico. Luego,\ncompartieron un almuerzo.<\/p>\n\n\n\n<p>De esta manera, Perotti despliega agenda propia y ya se\nmuestra como una figura de peso, m\u00e1s all\u00e1 del resultado electoral del 11 de\nagosto aunque no le sea indiferente.<\/p>\n","protected":false},"excerpt":{"rendered":"<p>Alberto firmar\u00e1 un acta de compromisos con el sector. Horas antes pas\u00f3 por la provincia Macri y visit\u00f3 tamberos Omar Perotti acompa\u00f1ar\u00e1 este jueves y viernes a Alberto Fern\u00e1ndez en un marat\u00f3nico recorrido por el centro y norte de la provincia de Santa Fe, una gira clave para el candidato del Frente de Todos que se reunir\u00e1 con industriales y productores a en el coraz\u00f3n del polo agr\u00edcola. Reconquista, Rafaela y Esperanza son las tres localidades que visitar\u00e1 el primer d\u00eda mientras que el viernes har\u00e1 pie en la ciudad&#8230;<\/p>\n","protected":false},"author":3,"featured_media":48430,"comment_status":"closed","ping_status":"closed","sticky":false,"template":"","format":"standard","meta":[],"categories":[18],"tags":[],"_links":{"self":[{"href":"https:\/\/www.actualidadadiario.com\/index.php\/wp-json\/wp\/v2\/posts\/48429"}],"collection":[{"href":"https:\/\/www.actualidadadiario.com\/index.php\/wp-json\/wp\/v2\/posts"}],"about":[{"href":"https:\/\/www.actualidadadiario.com\/index.php\/wp-json\/wp\/v2\/types\/post"}],"author":[{"embeddable":true,"href":"https:\/\/www.actualidadadiario.com\/index.php\/wp-json\/wp\/v2\/users\/3"}],"replies":[{"embeddable":true,"href":"https:\/\/www.actualidadadiario.com\/index.php\/wp-json\/wp\/v2\/comments?post=48429"}],"version-history":[{"count":1,"href":"https:\/\/www.actualidadadiario.com\/index.php\/wp-json\/wp\/v2\/posts\/48429\/revisions"}],"predecessor-version":[{"id":48431,"href":"https:\/\/www.actualidadadiario.com\/index.php\/wp-json\/wp\/v2\/posts\/48429\/revisions\/48431"}],"wp:featuredmedia":[{"embeddable":true,"href":"https:\/\/www.actualidadadiario.com\/index.php\/wp-json\/wp\/v2\/media\/48430"}],"wp:attachment":[{"href":"https:\/\/www.actualidadadiario.com\/index.php\/wp-json\/wp\/v2\/media?parent=48429"}],"wp:term":[{"taxonomy":"category","embeddable":true,"href":"https:\/\/www.actualidadadiario.com\/index.php\/wp-json\/wp\/v2\/categories?post=48429"},{"taxonomy":"post_tag","embeddable":true,"href":"https:\/\/www.actualidadadiario.com\/index.php\/wp-json\/wp\/v2\/tags?post=48429"}],"curies":[{"name":"wp","href":"https:\/\/api.w.org\/{rel}","templated":true}]}}