{"id":48424,"date":"2019-07-25T10:59:59","date_gmt":"2019-07-25T13:59:59","guid":{"rendered":"https:\/\/www.actualidadadiario.com\/?p=48424"},"modified":"2019-07-25T10:59:59","modified_gmt":"2019-07-25T13:59:59","slug":"macri-violo-la-veda-electoral-en-cordoba","status":"publish","type":"post","link":"https:\/\/www.actualidadadiario.com\/index.php\/2019\/07\/25\/macri-violo-la-veda-electoral-en-cordoba\/","title":{"rendered":"Macri viol\u00f3 la veda electoral en C\u00f3rdoba"},"content":{"rendered":"\n<p><strong><em>El precandidato de Juntos por el Cambio ignor\u00f3 que el C\u00f3digo Nacional Electoral le proh\u00edbe realizar inauguraciones de obras y actos de gobierno que busquen la &#8220;captaci\u00f3n del sufragio&#8221;<\/em><\/strong><\/p>\n\n\n\n<p><\/p>\n\n\n\n<p><\/p>\n\n\n\n<p>Desde C\u00f3rdoba, Mauricio Macri se encarg\u00f3 de violar la veda\nelectoral. Como Presidente tiene prohibido realizar inauguraciones, lanzar\nplanes o programas o encabezar actos de gobierno que apunten a la\n&#8220;captaci\u00f3n del sufragio&#8221;. Sin embargo, la legislaci\u00f3n no pareci\u00f3\nimportarle al dar su discurso en la recorrida que realiz\u00f3 por la ruta nacional\n19, en Arroyito. &#8220;Les pido a todos que vayan a votar en las PASO, que es\nimportante empezar a mandar el mensaje desde ah\u00ed, que los argentinos no\nvolvemos atr\u00e1s, que los argentinos vamos al futuro, despejada esa incertidumbre\neso va a acelerar la recuperaci\u00f3n de la Argentina y el crecimiento&#8221;, afirm\u00f3\nMacri antes de juntarse a cenar con el gobernador peronista Juan Schiaretti.<\/p>\n\n\n\n<p>Como parte de la estrategia para mejorar la diferencia en\nC\u00f3rdoba que le puede sacar al Frente de Todos, Macri estuvo acompa\u00f1ado por el\nintendente de Arroyito, Mauricio Cravero, y el actual precandidato a diputado y\nex candidato a gobernador Mario Negri, que perdi\u00f3 de lejos la elecci\u00f3n\nprovincial. <\/p>\n\n\n\n<p>El escenario no fue elegido por casualidad: pese a los\ninformes negativos sobre la inversi\u00f3n en rutas, el oficialismo busca asociar su\ngesti\u00f3n a las obras p\u00fablicas de vialidad. Macri, de hecho, apareci\u00f3 con\nmaquinaria pesada de fondo y rodeado de obreros. Sostuvo que esas obras son\npara &#8220;dejar atr\u00e1s una historia de frustraciones y d\u00e9cadas de promesas que\nnunca se cumpl\u00edan&#8221;. Asegur\u00f3 que la ruta en autov\u00eda que se est\u00e1\nconstruyendo significa &#8220;m\u00e1s trabajo para los cordobeses y m\u00e1s\nposibilidades que van a surgir para todos los argentinos a partir de estar\nmejor conectados y de tener mejor seguridad para viajar&#8221;. <\/p>\n\n\n\n<p>&#8220;Estas son parte de las bases que necesitamos para\ncrecer y para ir por m\u00e1s, por un proyecto de crecimiento de 20 a\u00f1os\nininterrumpidos, conectados al mundo como nunca antes, sobre todo ahora a\npartir del acuerdo Uni\u00f3n Europea- Mercosur&#8221;, insisti\u00f3 Macri.<\/p>\n\n\n\n<p>La estrategia electoral anclada en la obra p\u00fablica y los\ndichos de Macri colisionan con el art\u00edculo 64 qu\u00e1ter del C\u00f3digo Electoral, que\nfue invocado por la entonces oposici\u00f3n en distintas denuncias contra la ex\npresidenta Cristina Fern\u00e1ndez de Kirchner: &#8220;Queda prohibido durante los\nveinticinco d\u00edas anteriores a la fecha fijada para la celebraci\u00f3n de las\nelecciones primarias, abiertas y simult\u00e1neas, y la elecci\u00f3n general, la\nrealizaci\u00f3n de actos inaugurales de obras p\u00fablicas, el lanzamiento o promoci\u00f3n\nde planes, proyectos o programas de alcance colectivo y, en general, la\nrealizaci\u00f3n de todo acto de gobierno que pueda promover la captaci\u00f3n del\nsufragio a favor de cualquiera de los candidatos a cargos p\u00fablicos electivos\nnacionales, o de las agrupaciones por las que compiten&#8221;, establece la\nnormativa.<\/p>\n\n\n\n<p>En el equipo de campa\u00f1a de Macri resaltan la importancia de\nC\u00f3rdoba para el espacio. Por eso Macri har\u00e1 all\u00ed uno de sus cierres de campa\u00f1a.\nAyer volvi\u00f3 a recibir la cortes\u00eda del gobernador Schiaretti, quien por m\u00e1s que\nno apoya a ninguno de los candidatos nacionales, mostr\u00f3 una especial deferencia\npor el actual presidente. <\/p>\n\n\n\n<p>Cuando el candidato del Frente de Todos, Alberto Fern\u00e1ndez,\nestuvo en C\u00f3rdoba, se reuni\u00f3 con Schiaretti pero no compartieron un agasajo\ncomo el de anoche. Fern\u00e1ndez tiene pensado regresar a la provincia la semana\nque viene, aunque todav\u00eda no tiene confirmada su agenda. Se especula con que\npodr\u00eda visitar distritos donde el macrismo tiene mejores n\u00fameros, como R\u00edo\nCuarto, Bell Ville y Marcos Ju\u00e1rez. Cualquiera sea el lugar que visite, lo har\u00e1\nseguramente acompa\u00f1ado del cordob\u00e9s Carlos Caserio, quien viene sosteniendo la\ncampa\u00f1a a nivel local. &#8220;El peronismo cordob\u00e9s va a votar la boleta corta,\npero tambi\u00e9n a Fern\u00e1ndez&#8221;, dijo ayer el titular del bloque de senadores\nperonistas. &#8220;Hoy hables con quien hables en C\u00f3rdoba te va a decir que est\u00e1\nmal con este gobierno, esta vez la realidad es otra y el peronismo va a hacer\nuna buena elecci\u00f3n en la provincia. Alberto no provoca irritaci\u00f3n y Cristina\nest\u00e1 m\u00e1s tranqui, no es la misma que en 2015\u201d, insisti\u00f3 Caserio. <\/p>\n\n\n\n<p>&#8220;No me imagino una Argentina sin C\u00f3rdoba, es una\nprovincia enorme, rica en cultura, rica en historia, rica socialmente, rica en\nproducci\u00f3n&#8221;, sostuvo Fern\u00e1ndez en su \u00faltimo paso por la provincia,\nacompa\u00f1ado por Sergio Massa.<\/p>\n","protected":false},"excerpt":{"rendered":"<p>El precandidato de Juntos por el Cambio ignor\u00f3 que el C\u00f3digo Nacional Electoral le proh\u00edbe realizar inauguraciones de obras y actos de gobierno que busquen la &#8220;captaci\u00f3n del sufragio&#8221; Desde C\u00f3rdoba, Mauricio Macri se encarg\u00f3 de violar la veda electoral. Como Presidente tiene prohibido realizar inauguraciones, lanzar planes o programas o encabezar actos de gobierno que apunten a la &#8220;captaci\u00f3n del sufragio&#8221;. Sin embargo, la legislaci\u00f3n no pareci\u00f3 importarle al dar su discurso en la recorrida que realiz\u00f3 por la ruta nacional 19, en Arroyito. &#8220;Les pido a todos que&#8230;<\/p>\n","protected":false},"author":3,"featured_media":48425,"comment_status":"closed","ping_status":"closed","sticky":false,"template":"","format":"standard","meta":[],"categories":[18],"tags":[],"_links":{"self":[{"href":"https:\/\/www.actualidadadiario.com\/index.php\/wp-json\/wp\/v2\/posts\/48424"}],"collection":[{"href":"https:\/\/www.actualidadadiario.com\/index.php\/wp-json\/wp\/v2\/posts"}],"about":[{"href":"https:\/\/www.actualidadadiario.com\/index.php\/wp-json\/wp\/v2\/types\/post"}],"author":[{"embeddable":true,"href":"https:\/\/www.actualidadadiario.com\/index.php\/wp-json\/wp\/v2\/users\/3"}],"replies":[{"embeddable":true,"href":"https:\/\/www.actualidadadiario.com\/index.php\/wp-json\/wp\/v2\/comments?post=48424"}],"version-history":[{"count":1,"href":"https:\/\/www.actualidadadiario.com\/index.php\/wp-json\/wp\/v2\/posts\/48424\/revisions"}],"predecessor-version":[{"id":48426,"href":"https:\/\/www.actualidadadiario.com\/index.php\/wp-json\/wp\/v2\/posts\/48424\/revisions\/48426"}],"wp:featuredmedia":[{"embeddable":true,"href":"https:\/\/www.actualidadadiario.com\/index.php\/wp-json\/wp\/v2\/media\/48425"}],"wp:attachment":[{"href":"https:\/\/www.actualidadadiario.com\/index.php\/wp-json\/wp\/v2\/media?parent=48424"}],"wp:term":[{"taxonomy":"category","embeddable":true,"href":"https:\/\/www.actualidadadiario.com\/index.php\/wp-json\/wp\/v2\/categories?post=48424"},{"taxonomy":"post_tag","embeddable":true,"href":"https:\/\/www.actualidadadiario.com\/index.php\/wp-json\/wp\/v2\/tags?post=48424"}],"curies":[{"name":"wp","href":"https:\/\/api.w.org\/{rel}","templated":true}]}}