{"id":48421,"date":"2019-07-25T10:59:19","date_gmt":"2019-07-25T13:59:19","guid":{"rendered":"https:\/\/www.actualidadadiario.com\/?p=48421"},"modified":"2019-07-25T10:59:19","modified_gmt":"2019-07-25T13:59:19","slug":"ronda-de-gobernadores-fernandez-desayuno-con-rodriguez-saa-y-almorzo-con-bordet","status":"publish","type":"post","link":"https:\/\/www.actualidadadiario.com\/index.php\/2019\/07\/25\/ronda-de-gobernadores-fernandez-desayuno-con-rodriguez-saa-y-almorzo-con-bordet\/","title":{"rendered":"Ronda de gobernadores: Fern\u00e1ndez desayun\u00f3 con Rodr\u00edguez Sa\u00e1 y almorz\u00f3 con Bordet"},"content":{"rendered":"\n<p><strong><em>El candidato a presidente del Frente de Todos consolida el apoyo de los caciques provinciales. Se reuni\u00f3 con el puntano en su casa despu\u00e9s de que su hermano, Adolfo, se sumara al macrismo<\/em><\/strong><\/p>\n\n\n\n<p><\/p>\n\n\n\n<p><\/p>\n\n\n\n<p>A menos de tres semanas de las elecciones primarias, Alberto\nFern\u00e1ndez sigue trabajando para consolidar el apoyo de los gobernadores\nperonistas. Este mi\u00e9rcoles, el candidato presidencial desayun\u00f3 en su casa junto\nal puntano Alberto Rodr\u00edguez Sa\u00e1 y almorz\u00f3 m\u00e1s tarde en su oficina con el\nentrerriano Gustavo Bordet.<\/p>\n\n\n\n<p>\u201cUno de los primeros en entender la necesidad de unirnos\npara dar vuelta esta p\u00e1gina negra del pa\u00eds fue Alberto Rodr\u00edguez Sa\u00e1. Gracias\npor visitarme hoy, Alberto\u201d, escribi\u00f3 Fern\u00e1ndez en su cuenta de Twitter para\ndar a conocer la visita del gobernador de San Luis.<\/p>\n\n\n\n<p>El encuentro entre Fern\u00e1ndez y Rodr\u00edguez Sa\u00e1 se celebr\u00f3 en\nla casa del candidato presidencial y dur\u00f3 cerca de dos horas. All\u00ed, el\ncandidato presidencial y el gobernador ultimaron detalles para el trabajo en la\nprovincia de cara a las elecciones nacionales, luego de que Adolfo Rodr\u00edguez\nSa\u00e1 anunciara su acuerdo con el presidente Mauricio Macri.<\/p>\n\n\n\n<p>Los Rodr\u00edguez Sa\u00e1 se enfrentaron por la gobernaci\u00f3n de San\nLuis el 16 de junio en las urnas. Alberto result\u00f3 reelecto, con el 42,34% de\nlos votos, mientras que su hermano qued\u00f3 tercero, detr\u00e1s de Claudio Poggi, con\nel 22%. Un mes despu\u00e9s de la derrota, el senador se sum\u00f3 a Juntos por el Cambio\nde la mano de Miguel \u00c1ngel Pichetto.<\/p>\n\n\n\n<p>Luego de desayunar con Rodr\u00edguez Sa\u00e1, Fern\u00e1ndez se traslad\u00f3\na sus oficinas, ubicadas en el barrio de San Telmo, donde almorz\u00f3 con Bordet.\nEl entrerriano gobierna el s\u00e9ptimo distrito electoral del pa\u00eds y es clave para\njuntar votos en su regi\u00f3n, adem\u00e1s de ser quien lleva la voz cantante en los\npedidos de los gobernadores hacia el candidato presidencial.<\/p>\n","protected":false},"excerpt":{"rendered":"<p>El candidato a presidente del Frente de Todos consolida el apoyo de los caciques provinciales. Se reuni\u00f3 con el puntano en su casa despu\u00e9s de que su hermano, Adolfo, se sumara al macrismo A menos de tres semanas de las elecciones primarias, Alberto Fern\u00e1ndez sigue trabajando para consolidar el apoyo de los gobernadores peronistas. Este mi\u00e9rcoles, el candidato presidencial desayun\u00f3 en su casa junto al puntano Alberto Rodr\u00edguez Sa\u00e1 y almorz\u00f3 m\u00e1s tarde en su oficina con el entrerriano Gustavo Bordet. \u201cUno de los primeros en entender la necesidad de&#8230;<\/p>\n","protected":false},"author":3,"featured_media":48422,"comment_status":"closed","ping_status":"closed","sticky":false,"template":"","format":"standard","meta":[],"categories":[18],"tags":[],"_links":{"self":[{"href":"https:\/\/www.actualidadadiario.com\/index.php\/wp-json\/wp\/v2\/posts\/48421"}],"collection":[{"href":"https:\/\/www.actualidadadiario.com\/index.php\/wp-json\/wp\/v2\/posts"}],"about":[{"href":"https:\/\/www.actualidadadiario.com\/index.php\/wp-json\/wp\/v2\/types\/post"}],"author":[{"embeddable":true,"href":"https:\/\/www.actualidadadiario.com\/index.php\/wp-json\/wp\/v2\/users\/3"}],"replies":[{"embeddable":true,"href":"https:\/\/www.actualidadadiario.com\/index.php\/wp-json\/wp\/v2\/comments?post=48421"}],"version-history":[{"count":1,"href":"https:\/\/www.actualidadadiario.com\/index.php\/wp-json\/wp\/v2\/posts\/48421\/revisions"}],"predecessor-version":[{"id":48423,"href":"https:\/\/www.actualidadadiario.com\/index.php\/wp-json\/wp\/v2\/posts\/48421\/revisions\/48423"}],"wp:featuredmedia":[{"embeddable":true,"href":"https:\/\/www.actualidadadiario.com\/index.php\/wp-json\/wp\/v2\/media\/48422"}],"wp:attachment":[{"href":"https:\/\/www.actualidadadiario.com\/index.php\/wp-json\/wp\/v2\/media?parent=48421"}],"wp:term":[{"taxonomy":"category","embeddable":true,"href":"https:\/\/www.actualidadadiario.com\/index.php\/wp-json\/wp\/v2\/categories?post=48421"},{"taxonomy":"post_tag","embeddable":true,"href":"https:\/\/www.actualidadadiario.com\/index.php\/wp-json\/wp\/v2\/tags?post=48421"}],"curies":[{"name":"wp","href":"https:\/\/api.w.org\/{rel}","templated":true}]}}