{"id":48415,"date":"2019-07-25T10:57:03","date_gmt":"2019-07-25T13:57:03","guid":{"rendered":"https:\/\/www.actualidadadiario.com\/?p=48415"},"modified":"2019-07-25T10:57:03","modified_gmt":"2019-07-25T13:57:03","slug":"extienden-hasta-fin-de-ano-un-requisito-indispensable-para-cobrar-la-asignacion-universal-por-hijo","status":"publish","type":"post","link":"https:\/\/www.actualidadadiario.com\/index.php\/2019\/07\/25\/extienden-hasta-fin-de-ano-un-requisito-indispensable-para-cobrar-la-asignacion-universal-por-hijo\/","title":{"rendered":"Extienden hasta fin de a\u00f1o un requisito indispensable para cobrar la Asignaci\u00f3n Universal por Hijo"},"content":{"rendered":"\n<p><strong><em>La Anses prorrog\u00f3 hasta final de a\u00f1o el plazo de presentaci\u00f3n de la libreta para cobrar la AUH<\/em><\/strong><\/p>\n\n\n\n<p><\/p>\n\n\n\n<p><\/p>\n\n\n\n<p>La Administraci\u00f3n Nacional de la Seguridad Social (Anses)\nprorrog\u00f3 hoy hasta fin de a\u00f1o la posibilidad de presentar la libreta para\nobtener el cobro total de la Asignaci\u00f3n Universal por Hijo (AUH) y habilitar la\ncontinuidad de su percepci\u00f3n.<\/p>\n\n\n\n<p>Lo hizo a trav\u00e9s de la Resoluci\u00f3n 181\/2019 publicada este\nmi\u00e9rcoles en el Bolet\u00edn Oficial que prorroga hasta el \u00faltimo d\u00eda h\u00e1bil del mes\nde diciembre de 2019 inclusive, el plazo de la presentaci\u00f3n de la Libreta\nNacional de Seguridad Social, Salud y Educaci\u00f3n correspondiente al per\u00edodo\n2017, cuyo vencimiento oper\u00f3 el \u00faltimo 30 de abril.<\/p>\n\n\n\n<p>&#8220;Siempre y cuando al momento de la publicaci\u00f3n de la\npresente se registre en los sistemas inform\u00e1ticos de Anses la acreditaci\u00f3n de\nal menos uno de los requisitos establecidos, al s\u00f3lo efecto de la continuidad\nen el cobro del 80% mensual de la Asignaci\u00f3n Universal por Hijo para Protecci\u00f3n\nSocial&#8221;, indic\u00f3 la resoluci\u00f3n.<\/p>\n\n\n\n<p>La Anses ya public\u00f3 el calendario de pagos de las\njubilaciones, pensiones, asignaciones familiares y asignaciones por hijo de los\nmeses de junio, julio y agosto de 2019.<\/p>\n\n\n\n<p>Como condici\u00f3n para liquidar la AUH y garantizar el logro\ndel objetivo de la norma de atender las necesidades de menores y adolescentes\nen situaci\u00f3n de vulnerabilidad social, se incorporaron requisitos relacionados\ncon la salud y educaci\u00f3n de los mismos, como mecanismo de superaci\u00f3n de la\nreproducci\u00f3n intergeneracional de la pobreza.<\/p>\n\n\n\n<p>En ese sentido, se exige la acreditaci\u00f3n de la efectiva\nescolaridad de los menores, como tambi\u00e9n que se haya cumplido a su respecto con\nel plan anual de vacunaci\u00f3n y controles sanitarios, as\u00ed como la presentaci\u00f3n de\nuna declaraci\u00f3n jurada por parte del titular del beneficio, relativa al\ncumplimiento de los mencionados requisitos.<\/p>\n\n\n\n<p>Sin embargo, Anses indic\u00f3 que a la fecha existe una cantidad\nsignificativa de casos en los cuales los titulares de la AUH no dieron\ncumplimiento con la presentaci\u00f3n de la Libreta, por lo que hay que tratar ese\nproblema y establecer una fecha l\u00edmite de presentaci\u00f3n, en resguardo de la\nprotecci\u00f3n integral de los derechos de las ni\u00f1as, ni\u00f1os y adolescentes.<\/p>\n","protected":false},"excerpt":{"rendered":"<p>La Anses prorrog\u00f3 hasta final de a\u00f1o el plazo de presentaci\u00f3n de la libreta para cobrar la AUH La Administraci\u00f3n Nacional de la Seguridad Social (Anses) prorrog\u00f3 hoy hasta fin de a\u00f1o la posibilidad de presentar la libreta para obtener el cobro total de la Asignaci\u00f3n Universal por Hijo (AUH) y habilitar la continuidad de su percepci\u00f3n. Lo hizo a trav\u00e9s de la Resoluci\u00f3n 181\/2019 publicada este mi\u00e9rcoles en el Bolet\u00edn Oficial que prorroga hasta el \u00faltimo d\u00eda h\u00e1bil del mes de diciembre de 2019 inclusive, el plazo de la&#8230;<\/p>\n","protected":false},"author":3,"featured_media":48416,"comment_status":"closed","ping_status":"closed","sticky":false,"template":"","format":"standard","meta":[],"categories":[2],"tags":[],"_links":{"self":[{"href":"https:\/\/www.actualidadadiario.com\/index.php\/wp-json\/wp\/v2\/posts\/48415"}],"collection":[{"href":"https:\/\/www.actualidadadiario.com\/index.php\/wp-json\/wp\/v2\/posts"}],"about":[{"href":"https:\/\/www.actualidadadiario.com\/index.php\/wp-json\/wp\/v2\/types\/post"}],"author":[{"embeddable":true,"href":"https:\/\/www.actualidadadiario.com\/index.php\/wp-json\/wp\/v2\/users\/3"}],"replies":[{"embeddable":true,"href":"https:\/\/www.actualidadadiario.com\/index.php\/wp-json\/wp\/v2\/comments?post=48415"}],"version-history":[{"count":1,"href":"https:\/\/www.actualidadadiario.com\/index.php\/wp-json\/wp\/v2\/posts\/48415\/revisions"}],"predecessor-version":[{"id":48417,"href":"https:\/\/www.actualidadadiario.com\/index.php\/wp-json\/wp\/v2\/posts\/48415\/revisions\/48417"}],"wp:featuredmedia":[{"embeddable":true,"href":"https:\/\/www.actualidadadiario.com\/index.php\/wp-json\/wp\/v2\/media\/48416"}],"wp:attachment":[{"href":"https:\/\/www.actualidadadiario.com\/index.php\/wp-json\/wp\/v2\/media?parent=48415"}],"wp:term":[{"taxonomy":"category","embeddable":true,"href":"https:\/\/www.actualidadadiario.com\/index.php\/wp-json\/wp\/v2\/categories?post=48415"},{"taxonomy":"post_tag","embeddable":true,"href":"https:\/\/www.actualidadadiario.com\/index.php\/wp-json\/wp\/v2\/tags?post=48415"}],"curies":[{"name":"wp","href":"https:\/\/api.w.org\/{rel}","templated":true}]}}