{"id":48412,"date":"2019-07-25T10:54:42","date_gmt":"2019-07-25T13:54:42","guid":{"rendered":"https:\/\/www.actualidadadiario.com\/?p=48412"},"modified":"2019-07-25T10:54:42","modified_gmt":"2019-07-25T13:54:42","slug":"precios-esenciales-los-super-usan-marcas-pindonga-para-cubrir-faltantes","status":"publish","type":"post","link":"https:\/\/www.actualidadadiario.com\/index.php\/2019\/07\/25\/precios-esenciales-los-super-usan-marcas-pindonga-para-cubrir-faltantes\/","title":{"rendered":"Precios Esenciales: los super usan marcas \u201cpindonga\u201d para cubrir faltantes"},"content":{"rendered":"\n<p><strong><em>La canasta de 64 productos congelados cumple tres meses en g\u00f3ndola y los proveedores est\u00e1n entregando al 70%. Los salvan las marcas propias o terceras marcas. Buenas ventas y la apuesta al ballotage<\/em><\/strong><\/p>\n\n\n\n<p><\/p>\n\n\n\n<p><\/p>\n\n\n\n<p>Cumple esta semana tres meses en funcionamiento el plan\nPrecios Esenciales, con buenas ventas pero con los mismos problemas operativos\nde aquel post parto en abril. Uno central: la entrega de de la canasta de 64\nproductos congelados se ubica en un 70% y los grandes supermercados deben\ncubrir lo restante con marcas propias, segundas y hasta terceras marcas. Si\nbien el Gobierno, a trav\u00e9s de la Secretar\u00eda de Comercio, asegur\u00f3 que el\ncumplimiento es del 84%, los datos de la cadena reflejan que los proveedores\nsiguen con inconvenientes para entregar lo prometido. <\/p>\n\n\n\n<p>Esta semana, los s\u00faper se vieron inundados de preguntas\nsobre lo que Cristina Fern\u00e1ndez de Kirchner denomin\u00f3 marcas \u201cpindonga o\ncuchuflito\u201d. Trataron de detallar que esas variantes est\u00e1n respaldando el plan\nde Esenciales. M\u00e1s all\u00e1 de la expresi\u00f3n de la ex presidenta, el fen\u00f3meno ya\nven\u00eda creciendo y, de hecho, los productos m\u00e1s vendidos de los que est\u00e1n en\ncongelados son marcas de las menos conocidas. <\/p>\n\n\n\n<p>\u00bfC\u00f3mo explican los proveedores que no se pueda cumplir con\nlas entregas? La demanda es sostenida pero, a la vez, es casi lo \u00fanico que\ncrece levemente en ventas. Por eso hay empresas que no est\u00e1n dispuestas a\nproducir excedentes de un producto que se vende barato, cuando est\u00e1n sobre\nestoqueados de bienes que comercializan m\u00e1s caro y son masivos. En algunos\notros casos, por ejemplo el de las pymes que est\u00e1n dentro de la canasta, el\nproblema es m\u00e1s notorio.<\/p>\n\n\n\n<p>Lo positivo de Precios Esenciales es que, seg\u00fan cifras de\nlas cadenas, sum\u00f3 dos puntos en su participaci\u00f3n en las ventas. Naturalmente,\nno tuvo mayor injerencia en las ventas totales, dado que el INDEC en mayo\nreport\u00f3 un derrumbe de 13,5% interanual en supermercados. Pero no es menor que\nalgo crezca en la recesi\u00f3n. En n\u00fameros, si se toma la venta solo de los\nproductos de precios esenciales durante el programa (del 22 de abril al 23 de\njulio) y se lo contrasta con el per\u00edodo inmediatamente anterior, (entre el 1 de\nmarzo y el 22 de abril) creci\u00f3 29% en unidades. En las categor\u00edas donde est\u00e1\npresente el programa, la participaci\u00f3n de la venta pas\u00f3 de 2.2% a casi el 3%. <\/p>\n\n\n\n<p>La contracara: los precios por fuera de la canasta subieron\nexponencialmente y le meten presi\u00f3n a los que est\u00e1n sin cambio. De acuerdo a un\nrelevamiento del diario Clar\u00edn, la diferencia de valores entre Esenciales y no\ncongelados es del 65%. <\/p>\n\n\n\n<p>En el Ejecutivo es escaso el manejo de datos concretos del\nplan y aguardan que las consultoras que miden el sector retail ofrezcan cifras\nsobre la evoluci\u00f3n. Mientras tanto, empez\u00f3 a charlarse informalmente la\ncontinuidad o no de los congelados. El vencimiento del acuerdo es justo en\noctubre. \u201cEst\u00e1 andando bien, seguro lo van a querer renovar hasta despu\u00e9s del\nballotage\u201d, cont\u00f3 un supermercadista que negocia a diario con el Gobierno.\nSeg\u00fan fuentes oficiales, la intenci\u00f3n es renovarlo y ampliarlo hasta fin de\na\u00f1o, cuando tambi\u00e9n vence el programa Ahora 12.<\/p>\n","protected":false},"excerpt":{"rendered":"<p>La canasta de 64 productos congelados cumple tres meses en g\u00f3ndola y los proveedores est\u00e1n entregando al 70%. Los salvan las marcas propias o terceras marcas. Buenas ventas y la apuesta al ballotage Cumple esta semana tres meses en funcionamiento el plan Precios Esenciales, con buenas ventas pero con los mismos problemas operativos de aquel post parto en abril. Uno central: la entrega de de la canasta de 64 productos congelados se ubica en un 70% y los grandes supermercados deben cubrir lo restante con marcas propias, segundas y hasta&#8230;<\/p>\n","protected":false},"author":3,"featured_media":48413,"comment_status":"closed","ping_status":"closed","sticky":false,"template":"","format":"standard","meta":[],"categories":[2],"tags":[],"_links":{"self":[{"href":"https:\/\/www.actualidadadiario.com\/index.php\/wp-json\/wp\/v2\/posts\/48412"}],"collection":[{"href":"https:\/\/www.actualidadadiario.com\/index.php\/wp-json\/wp\/v2\/posts"}],"about":[{"href":"https:\/\/www.actualidadadiario.com\/index.php\/wp-json\/wp\/v2\/types\/post"}],"author":[{"embeddable":true,"href":"https:\/\/www.actualidadadiario.com\/index.php\/wp-json\/wp\/v2\/users\/3"}],"replies":[{"embeddable":true,"href":"https:\/\/www.actualidadadiario.com\/index.php\/wp-json\/wp\/v2\/comments?post=48412"}],"version-history":[{"count":1,"href":"https:\/\/www.actualidadadiario.com\/index.php\/wp-json\/wp\/v2\/posts\/48412\/revisions"}],"predecessor-version":[{"id":48414,"href":"https:\/\/www.actualidadadiario.com\/index.php\/wp-json\/wp\/v2\/posts\/48412\/revisions\/48414"}],"wp:featuredmedia":[{"embeddable":true,"href":"https:\/\/www.actualidadadiario.com\/index.php\/wp-json\/wp\/v2\/media\/48413"}],"wp:attachment":[{"href":"https:\/\/www.actualidadadiario.com\/index.php\/wp-json\/wp\/v2\/media?parent=48412"}],"wp:term":[{"taxonomy":"category","embeddable":true,"href":"https:\/\/www.actualidadadiario.com\/index.php\/wp-json\/wp\/v2\/categories?post=48412"},{"taxonomy":"post_tag","embeddable":true,"href":"https:\/\/www.actualidadadiario.com\/index.php\/wp-json\/wp\/v2\/tags?post=48412"}],"curies":[{"name":"wp","href":"https:\/\/api.w.org\/{rel}","templated":true}]}}