{"id":4841,"date":"2016-11-22T09:58:03","date_gmt":"2016-11-22T12:58:03","guid":{"rendered":"http:\/\/actualidadadiario.com\/site\/?p=4841"},"modified":"2016-11-22T09:58:03","modified_gmt":"2016-11-22T12:58:03","slug":"el-gobierno-ofrecio-un-bono-de-2-000-a-organizaciones-sociales","status":"publish","type":"post","link":"https:\/\/www.actualidadadiario.com\/index.php\/2016\/11\/22\/el-gobierno-ofrecio-un-bono-de-2-000-a-organizaciones-sociales\/","title":{"rendered":"El Gobierno ofreci\u00f3 un bono de $ 2.000 a organizaciones sociales"},"content":{"rendered":"<p><em><strong>La ministra de Desarrollo Social Carolina Stanley mantuvo un encuentro con representantes de movimientos sociales en el que realiz\u00f3 un ofrecimiento de un bono de fin de a\u00f1o de $ 2.000, seg\u00fan confirm\u00f3 Daniel Men\u00e9ndez de Libres del Sur<\/strong><\/em><\/p>\n<p>&nbsp;<\/p>\n<p>&nbsp;<\/p>\n<p>&nbsp;<\/p>\n<p>&nbsp;<\/p>\n<p>&nbsp;<\/p>\n<p>&nbsp;<\/p>\n<p>&nbsp;<\/p>\n<p>&nbsp;<\/p>\n<p>El dirigente dialog\u00f3 con el programa &#8220;El Diario con V\u00edctor Hugo&#8221; que se emite por el canal C5N y advirti\u00f3 que, si se aprueba la Ley de Emergencia Social y el Gobierno la veta, &#8220;iremos hacia un fin de a\u00f1o complejo&#8221;.<\/p>\n<p>&nbsp;<\/p>\n<p>Adem\u00e1s, Men\u00e9ndez celebr\u00f3 la apertura de una mesa de di\u00e1logo con las autoridades nacionales: &#8220;La ministra tom\u00f3 nuestro , tendremos una reuni\u00f3n con el bloque del Pro para encontrar un consenso y que la ley llegue a buen puerto&#8221;.<\/p>\n<p>&nbsp;<\/p>\n<p>&#8220;Hemos hecho un esfuerzo muy grande para consensuar un proyecto que aborde los problemas estructurales de la pobreza en la Argentina&#8221;, sostuvo el militante.<\/p>\n<p>&nbsp;<\/p>\n<p>Del encuentro representantes de la Corriente Clasista y Combativa (CCC), la Confederaci\u00f3n de Trabajadores de la Econom\u00eda Popular (CTEP), y el Movimiento Evita, entre otros.<\/p>\n","protected":false},"excerpt":{"rendered":"<p>La ministra de Desarrollo Social Carolina Stanley mantuvo un encuentro con representantes de movimientos sociales en el que realiz\u00f3 un ofrecimiento de un bono de fin de a\u00f1o de $ 2.000, seg\u00fan confirm\u00f3 Daniel Men\u00e9ndez de Libres del Sur &nbsp; &nbsp; &nbsp; &nbsp; &nbsp; &nbsp; &nbsp; &nbsp; El dirigente dialog\u00f3 con el programa &#8220;El Diario con V\u00edctor Hugo&#8221; que se emite por el canal C5N y advirti\u00f3 que, si se aprueba la Ley de Emergencia Social y el Gobierno la veta, &#8220;iremos hacia un fin de a\u00f1o complejo&#8221;. &nbsp; Adem\u00e1s,&#8230;<\/p>\n","protected":false},"author":3,"featured_media":4842,"comment_status":"closed","ping_status":"closed","sticky":false,"template":"","format":"standard","meta":[],"categories":[18],"tags":[],"_links":{"self":[{"href":"https:\/\/www.actualidadadiario.com\/index.php\/wp-json\/wp\/v2\/posts\/4841"}],"collection":[{"href":"https:\/\/www.actualidadadiario.com\/index.php\/wp-json\/wp\/v2\/posts"}],"about":[{"href":"https:\/\/www.actualidadadiario.com\/index.php\/wp-json\/wp\/v2\/types\/post"}],"author":[{"embeddable":true,"href":"https:\/\/www.actualidadadiario.com\/index.php\/wp-json\/wp\/v2\/users\/3"}],"replies":[{"embeddable":true,"href":"https:\/\/www.actualidadadiario.com\/index.php\/wp-json\/wp\/v2\/comments?post=4841"}],"version-history":[{"count":1,"href":"https:\/\/www.actualidadadiario.com\/index.php\/wp-json\/wp\/v2\/posts\/4841\/revisions"}],"predecessor-version":[{"id":4843,"href":"https:\/\/www.actualidadadiario.com\/index.php\/wp-json\/wp\/v2\/posts\/4841\/revisions\/4843"}],"wp:featuredmedia":[{"embeddable":true,"href":"https:\/\/www.actualidadadiario.com\/index.php\/wp-json\/wp\/v2\/media\/4842"}],"wp:attachment":[{"href":"https:\/\/www.actualidadadiario.com\/index.php\/wp-json\/wp\/v2\/media?parent=4841"}],"wp:term":[{"taxonomy":"category","embeddable":true,"href":"https:\/\/www.actualidadadiario.com\/index.php\/wp-json\/wp\/v2\/categories?post=4841"},{"taxonomy":"post_tag","embeddable":true,"href":"https:\/\/www.actualidadadiario.com\/index.php\/wp-json\/wp\/v2\/tags?post=4841"}],"curies":[{"name":"wp","href":"https:\/\/api.w.org\/{rel}","templated":true}]}}