{"id":48409,"date":"2019-07-25T10:53:55","date_gmt":"2019-07-25T13:53:55","guid":{"rendered":"https:\/\/www.actualidadadiario.com\/?p=48409"},"modified":"2019-07-25T10:53:55","modified_gmt":"2019-07-25T13:53:55","slug":"la-pobreza-del-primer-semestre-de-2019-alcanzaria-a-casi-el-35","status":"publish","type":"post","link":"https:\/\/www.actualidadadiario.com\/index.php\/2019\/07\/25\/la-pobreza-del-primer-semestre-de-2019-alcanzaria-a-casi-el-35\/","title":{"rendered":"La pobreza del primer semestre de 2019 alcanzar\u00eda a casi el 35%"},"content":{"rendered":"\n<p><strong><em>As\u00ed se desprende de las proyecciones de los especialistas de las UCA y de la Di Tella. El n\u00famero final se conocer\u00e1 el 30 de septiembre, en la previa a las elecciones presidenciales<\/em><\/strong><\/p>\n\n\n\n<p><\/p>\n\n\n\n<p><\/p>\n\n\n\n<p>En la previa a la elecci\u00f3n presidencial el Gobierno nacional\ntendr\u00e1 que lidiar con uno de los peores n\u00fameros que emitir\u00e1 durante el segundo\nsemestre el Instituto de Estad\u00edsticas y Censos de la Naci\u00f3n (INDEC). <\/p>\n\n\n\n<p>Buena parte de las expectativas para el clima electoral de\nparte del oficialismo es la de comenzar a contar con n\u00fameros que se\u00f1alen que la\nrecuperaci\u00f3n econ\u00f3mica est\u00e1 en marcha. As\u00ed esperan los informes del Indec para\nel segundo semestre en donde, por comparaci\u00f3n estad\u00edstica con el peor semestre\nde los \u00faltimos cuatro a\u00f1os, y por crecimiento genuino varios de los datos de la\nactividad econ\u00f3mica comenzar\u00edan a generar n\u00fameros positivos y el costo de vida,\nque aunque se mantendr\u00e1 alto, mostrar\u00eda una desaceleraci\u00f3n. <\/p>\n\n\n\n<p>Pero el problema podr\u00eda estar el 30 de septiembre a tan solo\n28 d\u00edas de la elecci\u00f3n presidencial en donde el Indec dar\u00e1 a conocer el \u00edndice\nde pobreza del primer semestre. Y, seg\u00fan estimaciones privadas rondar\u00eda entre\n34% y 35%, un n\u00famero mayor al que recibi\u00f3 la administraci\u00f3n Cambiemos. <\/p>\n\n\n\n<p>As\u00ed se desprende de un trabajo del economista Mart\u00edn\nGonz\u00e1lez Rozada, profesor en Di Tella y Co-Director de la Maestr\u00eda en\nEconometr\u00eda (MEC) y de la Maestr\u00eda en Econom\u00eda Aplicada (MECAP), en donde\nse\u00f1ala que &#8220;la estimaci\u00f3n inicial para el primer semestre de 2019 indica\nuna incidencia de la pobreza urbana de 34.3%, con un intervalo del 95% de\nconfianza de (33.5%, 35.1%)&#8221;, n\u00famero que estar\u00eda publicando el Indec el\n\u00faltimo d\u00eda de septiembre, un mes antes de las elecciones presidenciales.<\/p>\n\n\n\n<p>De confirmarse esa cifra, el presidente y candidato a la\nreelecci\u00f3n, Mauricio Macri deber\u00e1 lidiar con una de sus promesas de campa\u00f1a que\ndespu\u00e9s mut\u00f3 a un pedido en donde qued\u00f3 establecido con la frases en donde\nped\u00eda ser juzgado &#8220;por si pude o no bajar la pobreza&#8221;, ya que el\nprimer dato de la era Cambiemos mostraba que el indicador estaba en 31,4%, tres\npuntos menos que el \u00faltimo dato que tendr\u00eda publicado la administraci\u00f3n actual.\n<\/p>\n\n\n\n<p>El n\u00famero que estima Gonz\u00e1lez Rozada est\u00e1 bastante en l\u00ednea\ncon otra de las entidades que realiza estimaciones de pobreza: el Observatorio\nde la Deuda Social Argentina de la Universidad Cat\u00f3lica Argentina (UCA). <\/p>\n\n\n\n<p>El \u00faltimo dato que public\u00f3 la universidad que hace\nreferencia al segundo semestre de 2018 estableci\u00f3 los niveles de pobreza en\n32%, en donde m\u00e1s del 50% de los ni\u00f1os y adolescentes son pobres y casi el 30%\ntiene d\u00e9ficit alimentario. Pero las investigaciones del Observatorio se\u00f1alan\nque la situaci\u00f3n se profundizar\u00e1 de la mano de un mayor incremento del valor de\nlos alimentos respecto de los ingresos y el n\u00famero que cerrar\u00e1 el 2019 se\nencuentra en valores cercanos al 35%.<\/p>\n","protected":false},"excerpt":{"rendered":"<p>As\u00ed se desprende de las proyecciones de los especialistas de las UCA y de la Di Tella. El n\u00famero final se conocer\u00e1 el 30 de septiembre, en la previa a las elecciones presidenciales En la previa a la elecci\u00f3n presidencial el Gobierno nacional tendr\u00e1 que lidiar con uno de los peores n\u00fameros que emitir\u00e1 durante el segundo semestre el Instituto de Estad\u00edsticas y Censos de la Naci\u00f3n (INDEC). Buena parte de las expectativas para el clima electoral de parte del oficialismo es la de comenzar a contar con n\u00fameros que&#8230;<\/p>\n","protected":false},"author":3,"featured_media":48410,"comment_status":"closed","ping_status":"closed","sticky":false,"template":"","format":"standard","meta":[],"categories":[2],"tags":[],"_links":{"self":[{"href":"https:\/\/www.actualidadadiario.com\/index.php\/wp-json\/wp\/v2\/posts\/48409"}],"collection":[{"href":"https:\/\/www.actualidadadiario.com\/index.php\/wp-json\/wp\/v2\/posts"}],"about":[{"href":"https:\/\/www.actualidadadiario.com\/index.php\/wp-json\/wp\/v2\/types\/post"}],"author":[{"embeddable":true,"href":"https:\/\/www.actualidadadiario.com\/index.php\/wp-json\/wp\/v2\/users\/3"}],"replies":[{"embeddable":true,"href":"https:\/\/www.actualidadadiario.com\/index.php\/wp-json\/wp\/v2\/comments?post=48409"}],"version-history":[{"count":1,"href":"https:\/\/www.actualidadadiario.com\/index.php\/wp-json\/wp\/v2\/posts\/48409\/revisions"}],"predecessor-version":[{"id":48411,"href":"https:\/\/www.actualidadadiario.com\/index.php\/wp-json\/wp\/v2\/posts\/48409\/revisions\/48411"}],"wp:featuredmedia":[{"embeddable":true,"href":"https:\/\/www.actualidadadiario.com\/index.php\/wp-json\/wp\/v2\/media\/48410"}],"wp:attachment":[{"href":"https:\/\/www.actualidadadiario.com\/index.php\/wp-json\/wp\/v2\/media?parent=48409"}],"wp:term":[{"taxonomy":"category","embeddable":true,"href":"https:\/\/www.actualidadadiario.com\/index.php\/wp-json\/wp\/v2\/categories?post=48409"},{"taxonomy":"post_tag","embeddable":true,"href":"https:\/\/www.actualidadadiario.com\/index.php\/wp-json\/wp\/v2\/tags?post=48409"}],"curies":[{"name":"wp","href":"https:\/\/api.w.org\/{rel}","templated":true}]}}