{"id":48407,"date":"2019-07-25T10:53:16","date_gmt":"2019-07-25T13:53:16","guid":{"rendered":"https:\/\/www.actualidadadiario.com\/?p=48407"},"modified":"2019-07-25T10:53:16","modified_gmt":"2019-07-25T13:53:16","slug":"analistas-proyectan-que-el-desempleo-se-mantendra-en-las-dos-cifras-en-2019","status":"publish","type":"post","link":"https:\/\/www.actualidadadiario.com\/index.php\/2019\/07\/25\/analistas-proyectan-que-el-desempleo-se-mantendra-en-las-dos-cifras-en-2019\/","title":{"rendered":"Analistas proyectan que el desempleo se mantendr\u00e1 en las dos cifras en 2019"},"content":{"rendered":"\n<p><strong><em>Expertos consultados en la Encuesta de Expectativas Macroecon\u00f3micas de El Cronista (EMEC) elevaron sus estimaciones de la cantidad de personas que sufrir\u00e1n la falta de empleo este a\u00f1o<\/em><\/strong><\/p>\n\n\n\n<p><\/p>\n\n\n\n<p><\/p>\n\n\n\n<p>El fuerte salto del desempleo registrado en el primer\ntrimestre, y que volvi\u00f3 a poner el \u00edndice en las dos cifras despu\u00e9s de 13 a\u00f1os,\nno bajar\u00e1 de los dos d\u00edgitos en 2019, seg\u00fan proyectan analistas y expertos\nconsultados en la Encuesta de Expectativas Macroecon\u00f3micas de El Cronista\n(EMEC). <\/p>\n\n\n\n<p>El \u00faltimo dato oficial disponible corresponde a los primeros\ntres meses de 2019. En ese momento, la falta de trabajo afect\u00f3 al 10,1% de la\npoblaci\u00f3n activa. Hay que remontarse hasta el tercer trimestre de 2006 para\nencontrar un n\u00famero mayor al actual, aunque las actuales autoridades del Indec\nobservan este dato porque fue producido durante la intervenci\u00f3n del organismo\nestad\u00edstico.<\/p>\n\n\n\n<p>Los expertos consultados por este diario no vislumbran una\nmodificaci\u00f3n de esta situaci\u00f3n. Por el contrario, entre la encuesta de junio y\nla de julio corrigieron al alza sus proyecciones de c\u00f3mo terminar\u00e1 el mercado\nde trabajo a fin de 2019: seg\u00fan ellos, el desempleo se ubicar\u00e1 en 10,6%. <\/p>\n\n\n\n<p>Esta proyecci\u00f3n significa un salto de 0,6 puntos\nporcentuales en comparaci\u00f3n con lo que estimaban hace tan solo un mes, cuando\nla mediana de respuestas hab\u00eda ubicado a la desocupaci\u00f3n en 9,6% para los\n\u00faltimos tres meses del a\u00f1o.<\/p>\n","protected":false},"excerpt":{"rendered":"<p>Expertos consultados en la Encuesta de Expectativas Macroecon\u00f3micas de El Cronista (EMEC) elevaron sus estimaciones de la cantidad de personas que sufrir\u00e1n la falta de empleo este a\u00f1o El fuerte salto del desempleo registrado en el primer trimestre, y que volvi\u00f3 a poner el \u00edndice en las dos cifras despu\u00e9s de 13 a\u00f1os, no bajar\u00e1 de los dos d\u00edgitos en 2019, seg\u00fan proyectan analistas y expertos consultados en la Encuesta de Expectativas Macroecon\u00f3micas de El Cronista (EMEC). El \u00faltimo dato oficial disponible corresponde a los primeros tres meses de 2019&#8230;.<\/p>\n","protected":false},"author":3,"featured_media":30330,"comment_status":"closed","ping_status":"closed","sticky":false,"template":"","format":"standard","meta":[],"categories":[2],"tags":[],"_links":{"self":[{"href":"https:\/\/www.actualidadadiario.com\/index.php\/wp-json\/wp\/v2\/posts\/48407"}],"collection":[{"href":"https:\/\/www.actualidadadiario.com\/index.php\/wp-json\/wp\/v2\/posts"}],"about":[{"href":"https:\/\/www.actualidadadiario.com\/index.php\/wp-json\/wp\/v2\/types\/post"}],"author":[{"embeddable":true,"href":"https:\/\/www.actualidadadiario.com\/index.php\/wp-json\/wp\/v2\/users\/3"}],"replies":[{"embeddable":true,"href":"https:\/\/www.actualidadadiario.com\/index.php\/wp-json\/wp\/v2\/comments?post=48407"}],"version-history":[{"count":1,"href":"https:\/\/www.actualidadadiario.com\/index.php\/wp-json\/wp\/v2\/posts\/48407\/revisions"}],"predecessor-version":[{"id":48408,"href":"https:\/\/www.actualidadadiario.com\/index.php\/wp-json\/wp\/v2\/posts\/48407\/revisions\/48408"}],"wp:featuredmedia":[{"embeddable":true,"href":"https:\/\/www.actualidadadiario.com\/index.php\/wp-json\/wp\/v2\/media\/30330"}],"wp:attachment":[{"href":"https:\/\/www.actualidadadiario.com\/index.php\/wp-json\/wp\/v2\/media?parent=48407"}],"wp:term":[{"taxonomy":"category","embeddable":true,"href":"https:\/\/www.actualidadadiario.com\/index.php\/wp-json\/wp\/v2\/categories?post=48407"},{"taxonomy":"post_tag","embeddable":true,"href":"https:\/\/www.actualidadadiario.com\/index.php\/wp-json\/wp\/v2\/tags?post=48407"}],"curies":[{"name":"wp","href":"https:\/\/api.w.org\/{rel}","templated":true}]}}