{"id":48399,"date":"2019-07-25T10:51:10","date_gmt":"2019-07-25T13:51:10","guid":{"rendered":"https:\/\/www.actualidadadiario.com\/?p=48399"},"modified":"2019-07-25T10:51:10","modified_gmt":"2019-07-25T13:51:10","slug":"el-plan-de-alivio-electoral-no-alcanza-y-en-junio-la-industria-se-desploma-13-contra-mayo","status":"publish","type":"post","link":"https:\/\/www.actualidadadiario.com\/index.php\/2019\/07\/25\/el-plan-de-alivio-electoral-no-alcanza-y-en-junio-la-industria-se-desploma-13-contra-mayo\/","title":{"rendered":"El plan de alivio electoral no alcanza y en junio la industria se desploma 1,3% contra mayo"},"content":{"rendered":"\n<p><strong><em>Se esperaba que tocara piso, pero en junio la actividad manufacturera volvi\u00f3 a caer respecto a los niveles de mayo, seg\u00fan el \u00cdndice de Producci\u00f3n Industrial (IPI) publicado ayer por FIEL. La contracci\u00f3n fue de 1,3%, libre de factores de estacionalidad, y de corroborarse en los n\u00fameros oficiales demostrar\u00eda que el fin de la baja de la actividad fabril a\u00fan no se materializ\u00f3. Hasta aqu\u00ed, los datos adelantados acerca de la actividad econ\u00f3mica de junio dejan entrever que el plan oficial de alivio electoral todav\u00eda no gener\u00f3 un claro rebote de cara a las PASO<\/em><\/strong><\/p>\n\n\n\n<p><\/p>\n\n\n\n<p><\/p>\n\n\n\n<p>Seg\u00fan FIEL, la producci\u00f3n industrial cay\u00f3 5,6% contra junio\ndel 2018 y 1,3% respecto a mayo del 2019. El primer semestre cerr\u00f3 con una baja\nde 8,3% interanual y cobra fuerza la proyecci\u00f3n de la consultora de Mart\u00edn\nRedrado, que prev\u00e9 que el 2019 termine con una contracci\u00f3n de 4,6% para uno de\nlos sectores m\u00e1s golpeados durante el per\u00edodo 2016-2019. Esa ca\u00edda se sumar\u00eda a\nla de 5% que registr\u00f3 el Indec durante el a\u00f1o pasado. Si bien no hay una serie\noficial completa que permita realizar el c\u00e1lculo, se estima que durante la\ngesti\u00f3n Cambiemos el sector manufacturero redondear\u00eda una contracci\u00f3n en torno\nal 11%.<\/p>\n\n\n\n<p>En junio, adem\u00e1s de que el consumo no logr\u00f3 un repunte\nsignificativo en el primer mes de vigencia del nuevo Ahora 12 (seg\u00fan la\nFundaci\u00f3n Germ\u00e1n Abdala mejor\u00f3 apenas 0,3% contra mayo), los datos de despachos\nde cemento y el \u00cdndice Construya mostraron que fue un mes flojo para la\nconstrucci\u00f3n. El primero cay\u00f3 11,4% interanual, tras haber dado suba en mayo, y\nel segundo registr\u00f3 una baja intermensual de 0,48%.<\/p>\n\n\n\n<p>La construcci\u00f3n es un fuerte demandante de rubros\nindustriales como la siderurgia, los minerales no met\u00e1licos, la maquinaria, el\npl\u00e1stico y la madera, entre otros. De hecho, durante el tambi\u00e9n electoral 2017,\nv\u00eda impulso a la obra p\u00fablica de tinte keynesiano, el Gobierno logr\u00f3 que el\nsector traccione tambi\u00e9n a la actividad manufacturera. Ese fue el \u00fanico a\u00f1o en\nel que la industria registr\u00f3 una mejora durante la gesti\u00f3n Cambiemos y fue de\n1,8%. En 2019, el arreglo con el FMI obliga a bajar la inversi\u00f3n en obra\np\u00fablica, que de hecho cay\u00f3 18% real en el primer semestre.<\/p>\n\n\n\n<p>Desde FIEL destacaron a la baja demanda de la construcci\u00f3n\nentre las explicaciones del mal junio industrial (el informe afirm\u00f3 que las\nlluvias de junio son parte de las razones) y tambi\u00e9n hicieron una menci\u00f3n al\nhist\u00f3rico apag\u00f3n el\u00e9ctrico, que entorpeci\u00f3 la operaci\u00f3n fabril.<\/p>\n\n\n\n<p>Para el economista Leandro Mora Alfons\u00edn habr\u00e1 que esperar a\nlos datos oficiales para que no queden dudas acerca de si la actividad\nindustrial toc\u00f3 o no piso en junio. Aun as\u00ed dio cr\u00e9dito al n\u00famero publicado por\nFIEL y afirm\u00f3 que la principal raz\u00f3n de la nueva ca\u00edda es la baja del consumo y\nlo poco que traccion\u00f3 hasta ac\u00e1 el plan alivio oficial.<\/p>\n\n\n\n<p>Dijo: &#8220;En la industria lo principal es la perspectiva\nque haya sobre el consumo. El Gobierno hizo muchos esfuerzos para emparchar con\nlos cr\u00e9ditos Anses y la baja en la tasa del Ahora 12. Pero la ca\u00edda del salario\nreal sigue y el consumo contin\u00faa bastante flojo, como mostr\u00f3 el Indec con las\nencuestas de supermercados y shoppings de mayo. Est\u00e1 dif\u00edcil encausar un\nconsumo m\u00e1s robusto a pesar de los est\u00edmulos. Adem\u00e1s hay que tener en cuenta\nque la producci\u00f3n no va a reaccionar autom\u00e1ticamente a los efectos del Ahora\n12. Tomar\u00e1 un tiempo&#8221;.<\/p>\n\n\n\n<p>Ah\u00ed una clave: seg\u00fan el secretario de Comercio Interior,\nIgnacio Werner, en junio el nuevo Ahora 12 logr\u00f3 recaudar en torno a $7.000\nmillones extra. Mucho menos que los m\u00e1s de $90.000 millones que inyectar\u00eda en\nla econom\u00eda 1 punto de mejora del salario real, seg\u00fan datos del Indec.<\/p>\n\n\n\n<p>Mora Alfons\u00edn consider\u00f3 que la verdadera pregunta es si, una\nvez que la industria toque piso, el Gobierno lograr\u00e1 que se sostenga en tiempo:\n&#8220;Creo que en el tercer trimestre se puede tocar piso pero, \u00bfes sostenible?\nUno ve que la ca\u00edda del empleo y el salario no parecen amainar y por eso se\nposponen decisiones de inversi\u00f3n&#8221;.<\/p>\n","protected":false},"excerpt":{"rendered":"<p>Se esperaba que tocara piso, pero en junio la actividad manufacturera volvi\u00f3 a caer respecto a los niveles de mayo, seg\u00fan el \u00cdndice de Producci\u00f3n Industrial (IPI) publicado ayer por FIEL. La contracci\u00f3n fue de 1,3%, libre de factores de estacionalidad, y de corroborarse en los n\u00fameros oficiales demostrar\u00eda que el fin de la baja de la actividad fabril a\u00fan no se materializ\u00f3. Hasta aqu\u00ed, los datos adelantados acerca de la actividad econ\u00f3mica de junio dejan entrever que el plan oficial de alivio electoral todav\u00eda no gener\u00f3 un claro rebote&#8230;<\/p>\n","protected":false},"author":3,"featured_media":39574,"comment_status":"closed","ping_status":"closed","sticky":false,"template":"","format":"standard","meta":[],"categories":[2],"tags":[],"_links":{"self":[{"href":"https:\/\/www.actualidadadiario.com\/index.php\/wp-json\/wp\/v2\/posts\/48399"}],"collection":[{"href":"https:\/\/www.actualidadadiario.com\/index.php\/wp-json\/wp\/v2\/posts"}],"about":[{"href":"https:\/\/www.actualidadadiario.com\/index.php\/wp-json\/wp\/v2\/types\/post"}],"author":[{"embeddable":true,"href":"https:\/\/www.actualidadadiario.com\/index.php\/wp-json\/wp\/v2\/users\/3"}],"replies":[{"embeddable":true,"href":"https:\/\/www.actualidadadiario.com\/index.php\/wp-json\/wp\/v2\/comments?post=48399"}],"version-history":[{"count":1,"href":"https:\/\/www.actualidadadiario.com\/index.php\/wp-json\/wp\/v2\/posts\/48399\/revisions"}],"predecessor-version":[{"id":48400,"href":"https:\/\/www.actualidadadiario.com\/index.php\/wp-json\/wp\/v2\/posts\/48399\/revisions\/48400"}],"wp:featuredmedia":[{"embeddable":true,"href":"https:\/\/www.actualidadadiario.com\/index.php\/wp-json\/wp\/v2\/media\/39574"}],"wp:attachment":[{"href":"https:\/\/www.actualidadadiario.com\/index.php\/wp-json\/wp\/v2\/media?parent=48399"}],"wp:term":[{"taxonomy":"category","embeddable":true,"href":"https:\/\/www.actualidadadiario.com\/index.php\/wp-json\/wp\/v2\/categories?post=48399"},{"taxonomy":"post_tag","embeddable":true,"href":"https:\/\/www.actualidadadiario.com\/index.php\/wp-json\/wp\/v2\/tags?post=48399"}],"curies":[{"name":"wp","href":"https:\/\/api.w.org\/{rel}","templated":true}]}}