{"id":48397,"date":"2019-07-25T10:49:50","date_gmt":"2019-07-25T13:49:50","guid":{"rendered":"https:\/\/www.actualidadadiario.com\/?p=48397"},"modified":"2019-07-25T10:49:50","modified_gmt":"2019-07-25T13:49:50","slug":"por-el-dia-mundial-contra-la-trata-de-personas-se-realizan-actividades-de-concientizacion-en-entre-rios","status":"publish","type":"post","link":"https:\/\/www.actualidadadiario.com\/index.php\/2019\/07\/25\/por-el-dia-mundial-contra-la-trata-de-personas-se-realizan-actividades-de-concientizacion-en-entre-rios\/","title":{"rendered":"Por el D\u00eda Mundial contra la Trata de Personas se realizan actividades de concientizaci\u00f3n en Entre R\u00edos"},"content":{"rendered":"\n<p><strong><em>En el marco del D\u00eda Mundial contra la Trata de Personas y el D\u00eda Provincial de Prevenci\u00f3n del Tr\u00e1fico y la Trata de Personas, a conmemorarse el 30 de julio, el Consejo contra la Trata organiz\u00f3 diversas actividades en Entre R\u00edos<\/em><\/strong><\/p>\n\n\n\n<p><\/p>\n\n\n\n<p><\/p>\n\n\n\n<p>Las actividades iniciaron con la jornada de sensibilizaci\u00f3n\n\u201cHerramientas para su Abordaje en Zona de Paso Interprovincial\u201d, destinada a\ntrabajadores y trabajadoras del T\u00fanel Subfluvial. En tanto, se encuentra\nprevista una amplia agenda en distintos puntos de la provincia que culminar\u00e1 el\n12 de agosto en Col\u00f3n. <\/p>\n\n\n\n<p>\u201cLlevaremos adelante tres semanas de capacitaci\u00f3n y\nsensibilizaci\u00f3n destinadas a efectores p\u00fablicos y p\u00fablico en general interesado\nen la problem\u00e1tica del delito de Trata de Personas. Desde el inicio de la\ngesti\u00f3n trabajamos desde el gobierno provincial, a trav\u00e9s del Consejo, en\ndistintas iniciativas que atienden a la prevenci\u00f3n y la asistencia de v\u00edctimas\nde Trata, es de importancia esta fecha para continuar brindando herramientas\nque fortalezcan la intervenci\u00f3n y el abordaje\u201d, detall\u00f3 la coordinadora del\nConsejo de Trata, Silvina Calveyra. <\/p>\n\n\n\n<p><strong>Cronograma de\nactividades<\/strong><\/p>\n\n\n\n<p><strong>Jueves 25 de julio<\/strong>\nen el Centro de Comercio \u201cPresidente Per\u00f3n\u201d de Santa Elena &#8211; Taller: \u201cla mujer\ny su participaci\u00f3n\u201d Disertantes: Profesor, Pablo Miorelli y la Coordinadora del\nConsejo Provincial de Prevenci\u00f3n, Protecci\u00f3n y Asistencia a V\u00edctimas y Testigos\nde Trata y Tr\u00e1fico de Personas, Silvina Calveyra. <\/p>\n\n\n\n<p><strong>S\u00e1bado 27 de julio<\/strong>,\n8.30 hs en la escuela Yapey\u00fa, de Nogoy\u00e1 &#8211; Seminario Educaci\u00f3n Sexual Integral\n(ESI): &#8220;Entre Ruidos y Silencios&#8221;. <\/p>\n\n\n\n<p><strong>Disertantes:<\/strong>\nSonia S\u00e1nchez, sobreviviente de la trata de personas y escritora; Tc. Silvina\nCalveyra, Coordinadora del Consejo Provincial contra la Trata de Personas y\nprofesores: Pablo Alvarez Miorelli y Ana Paz Larsen, Coordinadores del\nSeminario.<\/p>\n\n\n\n<p><strong>Lunes 29 de julio<\/strong>,\n9 hs en el Centro de Convenciones de Villaguay &#8211; Jornada de Sensibilizaci\u00f3n:\n&#8220;La Trata Existe: herramientas para el abordaje interinstitucional\u201d.<\/p>\n\n\n\n<p><strong>Disertantes:<\/strong>\nSonia S\u00e1nchez, sobreviviente de la trata de personas y escritora; Tc. Silvina\nCalveyra, Coordinadora del Consejo Provincial y la comisaria Zulma Algara\u00f1az,\njefa de la Divisi\u00f3n de Trata de Personas de la Polic\u00eda de Entre R\u00edos.<\/p>\n\n\n\n<p><strong>Martes 30 de julio<\/strong>,\n9 hs en la escuela N\u00b075 del Bicentenario, Paran\u00e1 &#8211; Jornada Interinstitucional:\n\u201cPor una Condici\u00f3n Humana sin Explotaci\u00f3n y un mundo sin Violencia\u201d. <\/p>\n\n\n\n<p><strong>Disertantes:<\/strong>\nSonia S\u00e1nchez, sobreviviente de la trata de personas y escritora; Tc. Silvina\nCalveyra, Coordinadora del Consejo Provincial; la comisaria Zulma Algara\u00f1az,\njefa de la Divisi\u00f3n de Trata de Personas de la Polic\u00eda de Entre R\u00edos y el\nEquipo ESI PMI Escuela del Bicentenario, &#8220;Deconstruyendo\nestereotipos&#8221;.<\/p>\n\n\n\n<p><strong>Martes 6 de agosto<\/strong>,\n9.30 hs en la escuela N\u00b058 Poeta Mastronardi, de Paran\u00e1 &#8211; Jornada de\nSensibilizaci\u00f3n: \u201cSe Trata de Vos: herramientas para visibilizar la Trata de\nPersonas\u201d<\/p>\n\n\n\n<p><strong>Disertantes:<\/strong>\nEquipo del Consejo Provincial de Trata de Personas.<\/p>\n\n\n\n<p><strong>Lunes 12 de agosto<\/strong>,\n10 hs. en el Hogar Yanina, de Col\u00f3n &#8211; Jornadas de Capacitaci\u00f3n para equipos\ninterdisciplinarios. <\/p>\n\n\n\n<p><strong>Disertantes:<\/strong>\nLicenciada en Psicolog\u00eda Patricia Gordon.<\/p>\n\n\n\n<p><strong>Campa\u00f1a contra la\nTrata<\/strong><\/p>\n\n\n\n<p>La campa\u00f1a impulsada desde el Consejo Provincial de\nPrevenci\u00f3n, Protecci\u00f3n y Asistencia a V\u00edctimas y Testigos de Trata y Tr\u00e1fico de\nPersonas, tiene como objetivo central visibilizar la trata de personas,\ntransmitiendo conceptos y alertas que se deben tener en cuenta frente a un\nposible delito de esta \u00edndole, as\u00ed como brindar herramientas para la prevenci\u00f3n\ny la denuncia, entre las que se destaca la l\u00ednea nacional gratuita 145, a la\ncual se puede llamar en forma an\u00f3nima.<\/p>\n\n\n\n<p>A partir de la implementaci\u00f3n de \u201cLa Trata Existe\u201d, desde\nmediados de 2018, en el territorio entrerriano se viene registrando un\nimportante avance en cuanto a la visibilizaci\u00f3n y concientizaci\u00f3n de este\nflagelo social que atenta contra los m\u00e1s vulnerables y que, mediante diferentes\nmodalidades, tiene como objetivo central la explotaci\u00f3n.<\/p>\n\n\n\n<p>El Consejo Provincial de Prevenci\u00f3n, Protecci\u00f3n y Asistencia\na V\u00edctimas y Testigos de Trata y Tr\u00e1fico de Personas, junto al Programa\nNacional de Rescate, relevaron la cantidad de denuncias y solicitud de\norientaciones durante el primer semestre del 2019, haciendo referencia a la\nconstante utilizaci\u00f3n de la l\u00ednea 145 a partir de la vigencia de la Campa\u00f1a.<\/p>\n\n\n\n<p>En lo que va del a\u00f1o, mientras que a nivel nacional se\nefectivizaron 1.039 denuncias a trav\u00e9s de la l\u00ednea 145, 14 corresponden a Entre\nR\u00edos, siendo en su mayor\u00eda por presunci\u00f3n de explotaci\u00f3n sexual. En tanto, de\nlos 648 llamados considerados como \u201corientaciones\u201d-que tienen car\u00e1cter de\nconsultas asociadas a la trata de personas-, siete se realizaron desde esta\nprovincia.<\/p>\n","protected":false},"excerpt":{"rendered":"<p>En el marco del D\u00eda Mundial contra la Trata de Personas y el D\u00eda Provincial de Prevenci\u00f3n del Tr\u00e1fico y la Trata de Personas, a conmemorarse el 30 de julio, el Consejo contra la Trata organiz\u00f3 diversas actividades en Entre R\u00edos Las actividades iniciaron con la jornada de sensibilizaci\u00f3n \u201cHerramientas para su Abordaje en Zona de Paso Interprovincial\u201d, destinada a trabajadores y trabajadoras del T\u00fanel Subfluvial. En tanto, se encuentra prevista una amplia agenda en distintos puntos de la provincia que culminar\u00e1 el 12 de agosto en Col\u00f3n. \u201cLlevaremos adelante&#8230;<\/p>\n","protected":false},"author":3,"featured_media":7099,"comment_status":"closed","ping_status":"closed","sticky":false,"template":"","format":"standard","meta":[],"categories":[15],"tags":[],"_links":{"self":[{"href":"https:\/\/www.actualidadadiario.com\/index.php\/wp-json\/wp\/v2\/posts\/48397"}],"collection":[{"href":"https:\/\/www.actualidadadiario.com\/index.php\/wp-json\/wp\/v2\/posts"}],"about":[{"href":"https:\/\/www.actualidadadiario.com\/index.php\/wp-json\/wp\/v2\/types\/post"}],"author":[{"embeddable":true,"href":"https:\/\/www.actualidadadiario.com\/index.php\/wp-json\/wp\/v2\/users\/3"}],"replies":[{"embeddable":true,"href":"https:\/\/www.actualidadadiario.com\/index.php\/wp-json\/wp\/v2\/comments?post=48397"}],"version-history":[{"count":1,"href":"https:\/\/www.actualidadadiario.com\/index.php\/wp-json\/wp\/v2\/posts\/48397\/revisions"}],"predecessor-version":[{"id":48398,"href":"https:\/\/www.actualidadadiario.com\/index.php\/wp-json\/wp\/v2\/posts\/48397\/revisions\/48398"}],"wp:featuredmedia":[{"embeddable":true,"href":"https:\/\/www.actualidadadiario.com\/index.php\/wp-json\/wp\/v2\/media\/7099"}],"wp:attachment":[{"href":"https:\/\/www.actualidadadiario.com\/index.php\/wp-json\/wp\/v2\/media?parent=48397"}],"wp:term":[{"taxonomy":"category","embeddable":true,"href":"https:\/\/www.actualidadadiario.com\/index.php\/wp-json\/wp\/v2\/categories?post=48397"},{"taxonomy":"post_tag","embeddable":true,"href":"https:\/\/www.actualidadadiario.com\/index.php\/wp-json\/wp\/v2\/tags?post=48397"}],"curies":[{"name":"wp","href":"https:\/\/api.w.org\/{rel}","templated":true}]}}