{"id":48394,"date":"2019-07-25T10:49:07","date_gmt":"2019-07-25T13:49:07","guid":{"rendered":"https:\/\/www.actualidadadiario.com\/?p=48394"},"modified":"2019-07-25T10:49:07","modified_gmt":"2019-07-25T13:49:07","slug":"pichetto-visitara-parana-y-gualeguaychu-la-proxima-semana","status":"publish","type":"post","link":"https:\/\/www.actualidadadiario.com\/index.php\/2019\/07\/25\/pichetto-visitara-parana-y-gualeguaychu-la-proxima-semana\/","title":{"rendered":"Pichetto visitar\u00e1 Paran\u00e1 y Gualeguaych\u00fa la pr\u00f3xima semana"},"content":{"rendered":"\n<p><strong><em>El pre candidato a vicepresidente de la Naci\u00f3n por la alianza Juntos por el Cambio, Miguel \u00c1ngel Pichetto, estar\u00e1 este jueves en la capital provincial. Al d\u00eda siguiente se aguarda su presencia en Gualeguaych\u00fa<\/em><\/strong><\/p>\n\n\n\n<p><\/p>\n\n\n\n<p><\/p>\n\n\n\n<p>El pre candidato a vicepresidente de la Naci\u00f3n por la\nalianza Juntos por el Cambio, Miguel \u00c1ngel Pichetto, estar\u00e1 este jueves en la\ncapital provincial. Participar\u00e1 de una reuni\u00f3n a realizarse el jueves 1\u00ba de\nagosto en el Colegio de Escribanos, destinado a profesionales y empresarios,\npero que ser\u00e1 abierta todo p\u00fablico.<\/p>\n\n\n\n<p>El compa\u00f1ero de f\u00f3rmula del presidente Mauricio Macri, que\nbusca su reelecci\u00f3n en los comicios de este a\u00f1o, llegar\u00e1 a la capital\nprovincial promovido por el sector denominado &#8220;Peronistas con\nPichetto&#8221;.<\/p>\n\n\n\n<p>Los organizadores tambi\u00e9n indicaron que, dependiendo de la\nagenda del pre candidato, habr\u00e1 tambi\u00e9n una reuni\u00f3n con militantes.<\/p>\n\n\n\n<p><strong>En Gualeguaych\u00fa<\/strong><\/p>\n\n\n\n<p>Mientras tanto, Pichetto llegar\u00e1 a la ciudad de Gualeguaych\u00fa\nel pr\u00f3ximo viernes 2 de agosto, inform\u00f3 el dirigente Luis Leissa.<\/p>\n\n\n\n<p>&#8220;Resta a\u00fan pulir la agenda que desarrollar\u00e1 pero ayer\nnos confirm\u00f3 su presencia en el marco de la campa\u00f1a de Juntos por el Cambio.\nSer\u00e1 una excelente oportunidad para dirigentes y vecinos de escuchar de primera\nmano a quien desde un peronismo del centro nacional con una mirada democr\u00e1tica\ny republicana intenta aportar a la resoluci\u00f3n de los grandes problemas de la\nArgentina&#8221;, indic\u00f3 el ex intendente de Gualeguaych\u00fa.<\/p>\n\n\n\n<p>Para Leissa &#8220;en nuestro pa\u00eds no queda resquicio alguno\npara la divisi\u00f3n y el populismo. Esas son recetas del pasado que han fracasado\nc\u00edclicamente. Debemos mirar para adelante sin sectarismos ni revanchismos,\nrespetando la Constituci\u00f3n y la divisi\u00f3n de poderes. Volver al pasado puede ser\nun salto al vac\u00edo; la unidad nacional y las pol\u00edticas de Estado son los ejes\nque nos han hecho confluir hoy en este espacio pol\u00edtico y la figura de Pichetto\nrefuerza esa amplitud y esa mirada&#8221;, opin\u00f3.<\/p>\n\n\n\n<p>El dirigente de extracci\u00f3n peronista record\u00f3 que el Nuevo\nEspacio -agrupaci\u00f3n pol\u00edtica a la que pertenece- particip\u00f3 dentro de Cambiemos\nen las elecciones pasadas y destac\u00f3 que &#8220;desde un primer momento hemos\nhecho un importante aporte para enfrentar el kirchnerismo en la provincia. Pero\nnuestras propuestas nunca empezaron ni terminaron all\u00ed, cre\u00edmos siempre en otra\nforma de hacer pol\u00edtica, con ideas y valores claros e irrenunciables&#8221;, puntualiz\u00f3.<\/p>\n\n\n\n<p>&#8220;Las horas que vive la Argentinas no dejan lugar para\nlas dudas. Es necesario que nos involucremos. Creemos que esta segunda etapa,\ncon Macri y Pichetto, abordar\u00e1 m\u00e1s profundamente la cuesti\u00f3n social, pero\nsiempre en la b\u00fasqueda de construir un pa\u00eds con un capitalismo moderno, un\nestado que garantice eficazmente sus obligaciones esenciales, flexible, que\ndefienda el inter\u00e9s nacional, promueva el empleo genuino y que se integre al\nmundo&#8221;, se\u00f1al\u00f3.<\/p>\n\n\n\n<p>Por \u00faltimo, Leissa desliz\u00f3 que &#8220;m\u00e1s all\u00e1 de que restan\ndetalles, Miguel \u00c1ngel (Pichetto) cerrar\u00e1 las actividades en la ciudad con una\ncharla para todo p\u00fablico ese viernes alrededor de la hora 20&#8221;, por lo que\ninvit\u00f3 y convoc\u00f3 a gualeguaychuenses y entrerrianos a participar: &#8220;la idea\nes justamente que sea abierta a la comunidad para que todos puedan escuchar y\nestar presentes m\u00e1s all\u00e1 de las pertenencias pol\u00edticas&#8221;, finaliz\u00f3.<\/p>\n","protected":false},"excerpt":{"rendered":"<p>El pre candidato a vicepresidente de la Naci\u00f3n por la alianza Juntos por el Cambio, Miguel \u00c1ngel Pichetto, estar\u00e1 este jueves en la capital provincial. Al d\u00eda siguiente se aguarda su presencia en Gualeguaych\u00fa El pre candidato a vicepresidente de la Naci\u00f3n por la alianza Juntos por el Cambio, Miguel \u00c1ngel Pichetto, estar\u00e1 este jueves en la capital provincial. Participar\u00e1 de una reuni\u00f3n a realizarse el jueves 1\u00ba de agosto en el Colegio de Escribanos, destinado a profesionales y empresarios, pero que ser\u00e1 abierta todo p\u00fablico. El compa\u00f1ero de f\u00f3rmula&#8230;<\/p>\n","protected":false},"author":3,"featured_media":48395,"comment_status":"closed","ping_status":"closed","sticky":false,"template":"","format":"standard","meta":[],"categories":[15],"tags":[],"_links":{"self":[{"href":"https:\/\/www.actualidadadiario.com\/index.php\/wp-json\/wp\/v2\/posts\/48394"}],"collection":[{"href":"https:\/\/www.actualidadadiario.com\/index.php\/wp-json\/wp\/v2\/posts"}],"about":[{"href":"https:\/\/www.actualidadadiario.com\/index.php\/wp-json\/wp\/v2\/types\/post"}],"author":[{"embeddable":true,"href":"https:\/\/www.actualidadadiario.com\/index.php\/wp-json\/wp\/v2\/users\/3"}],"replies":[{"embeddable":true,"href":"https:\/\/www.actualidadadiario.com\/index.php\/wp-json\/wp\/v2\/comments?post=48394"}],"version-history":[{"count":1,"href":"https:\/\/www.actualidadadiario.com\/index.php\/wp-json\/wp\/v2\/posts\/48394\/revisions"}],"predecessor-version":[{"id":48396,"href":"https:\/\/www.actualidadadiario.com\/index.php\/wp-json\/wp\/v2\/posts\/48394\/revisions\/48396"}],"wp:featuredmedia":[{"embeddable":true,"href":"https:\/\/www.actualidadadiario.com\/index.php\/wp-json\/wp\/v2\/media\/48395"}],"wp:attachment":[{"href":"https:\/\/www.actualidadadiario.com\/index.php\/wp-json\/wp\/v2\/media?parent=48394"}],"wp:term":[{"taxonomy":"category","embeddable":true,"href":"https:\/\/www.actualidadadiario.com\/index.php\/wp-json\/wp\/v2\/categories?post=48394"},{"taxonomy":"post_tag","embeddable":true,"href":"https:\/\/www.actualidadadiario.com\/index.php\/wp-json\/wp\/v2\/tags?post=48394"}],"curies":[{"name":"wp","href":"https:\/\/api.w.org\/{rel}","templated":true}]}}