{"id":48391,"date":"2019-07-25T10:48:22","date_gmt":"2019-07-25T13:48:22","guid":{"rendered":"https:\/\/www.actualidadadiario.com\/?p=48391"},"modified":"2019-07-25T10:48:22","modified_gmt":"2019-07-25T13:48:22","slug":"stratta-la-crisis-nacional-aumenta-la-demanda-social","status":"publish","type":"post","link":"https:\/\/www.actualidadadiario.com\/index.php\/2019\/07\/25\/stratta-la-crisis-nacional-aumenta-la-demanda-social\/","title":{"rendered":"Stratta: la crisis nacional aumenta la demanda social"},"content":{"rendered":"\n<p><strong><em>La ministra de Desarrollo Social y vicegobernadora electa, Laura Stratta, considera que el tejido social est\u00e1 resquebrajado producto de las medidas econ\u00f3micas aplicadas por el Gobierno nacional<\/em><\/strong><\/p>\n\n\n\n<p><\/p>\n\n\n\n<p><\/p>\n\n\n\n<p>La inflaci\u00f3n y la ca\u00edda de los salarios impactan con m\u00e1s\nfuerza en los sectores m\u00e1s vulnerables.&nbsp;\nSeg\u00fan la funcionaria provincial, el crecimiento de la demanda en los\ncomedores es el rostro m\u00e1s directo de esa dura realidad. Para paliar esta\nsituaci\u00f3n, se\u00f1al\u00f3 que desde el Gobierno provincial se impulsan pol\u00edticas\np\u00fablicas que buscan generar contenci\u00f3n social.<\/p>\n\n\n\n<p>\u201cLa demanda ha crecido al calor de las decisiones que se han\ntomado en el \u00e1mbito nacional en la macroeconom\u00eda que golpean a los sectores m\u00e1s\nvulnerables de la sociedad. Pero tambi\u00e9n a los trabajadores, ni\u00f1os, mujeres,\njubilados y comerciantes. El rostro m\u00e1s visible de esas necesidades que surgen\nal calor de este modelo que nos plantean a nivel nacional\u201d, se\u00f1al\u00f3 en\ndeclaraciones al programa Puro Cuento de Radio Costa Paran\u00e1 88.1.<\/p>\n\n\n\n<p>Stratta precis\u00f3 que desde el Ministerio de Desarrollo Social\nobservan que cada d\u00eda son m\u00e1s las personas que se acercan a los comedores:\n\u201cHemos notado un aumento que no ha parado, que ha estado en una curva\nascendente\u201d.<\/p>\n\n\n\n<p>Indic\u00f3 que para atender esas necesidades, la cartera social\nviene trabajando&nbsp; de forma conjunta con\norganizaciones intermedias. \u201cVenimos capacitando a nuestros recursos humanos.\nHacemos gu\u00edas de men\u00faes que puedan cubrir las necesidades nutricionales de la\npoblaci\u00f3n. Estamos haciendo experiencias piloto en Villaguay, donde articulamos\nlas compra desde los comedores a los emprendedores\u201d, puntualiz\u00f3.<\/p>\n\n\n\n<p>Adem\u00e1s, precis\u00f3 que, ante el crecimiento de la demanda\nalimentaria, el ministerio debi\u00f3 ampliar su presupuesto. \u201cL\u00f3gicamente nosotros\nhacemos una previsi\u00f3n presupuestaria pero la demanda va en&nbsp; aumento y tenemos que ir atendiendo. En el\nmarco de las pol\u00edticas alimentarias, los \u00fanicos dos programas que financiaba\nNaci\u00f3n son la Tarjeta Social y la Copa de Leche, y&nbsp; tenemos el mismo convenio hace tres a\u00f1os y\nmedio, nunca reconocieron el proceso inflacionario y mucho menos la\nincorporaci\u00f3n de titulares de derecho\u201d.<\/p>\n\n\n\n<p>Enseguida, detall\u00f3 que cuando asumi\u00f3 en el ministerio, la\nTarjeta Social, ten\u00eda 50 titulares. Y que Naci\u00f3n se ocupaba de financiar el 70%\ndel programa, mientras que la Provincia se hac\u00eda cargo del 30%. Hoy, asegura,\nesa f\u00f3rmula cambi\u00f3: \u201cAhora, a Provincia pone el 70% y Naci\u00f3n el 30%\u201d, dijo.<\/p>\n\n\n\n<p>A ese panorama, Stratta sum\u00f3 el que viven los emprendedores\nentrerrianos, a quienes se les dificulta colocar sus productos en el mercado\nproducto de los costos y las altas tarifas que impactan en el proceso productivo.<\/p>\n\n\n\n<p>\u201cNos hemos concentrado en apuntalar la comercializaci\u00f3n de\nlos emprendedores. Lo que hicimos es trabajar estrategias para fortalecer los\ncanales de comercializaci\u00f3n, acompa\u00f1ando mercados populares. Tenemos\nexperiencias en Villaguay y Feliciano. Generamos rondas de negocios, nos\nanimamos a poner a los emprendedores con empresa&nbsp; y organismos del Estado para que todos puedan\ncomprarle a los emprendedores de la econom\u00eda social\u201d, explic\u00f3 la funcionaria\nprovincial.<\/p>\n\n\n\n<p>Al respecto, refiri\u00f3 que se cre\u00f3 la marca Manos\nEntrerrianas, para que los emprendedores puedan explotarla gratuitamente. \u201cEn\nuna primera etapa incorporamos a 100 emprendedores, y despu\u00e9s a otros 100.\nAlgunos emprendedores pudieron viajar a misiones comerciales en Uruguay y Chile\ny colocaron algunos productos all\u00e1. Estamos concentrando la estrategia en la\napertura d espacios de comercializaci\u00f3n\u201d, sostuvo Stratta.<\/p>\n\n\n\n<p>Sobre este punto del trabajo, se\u00f1al\u00f3 que el ministerio ha\nlogrado trabajar en conjunto con los gobiernos municipales.&nbsp; \u201cHay municipios con los cuales hemos\ntrabajado de forma impecable porque e tiene un mismo paradigma de las pol\u00edticas\nsociales y entienden a la econom\u00eda social como prioritario\u201d, dijo.<\/p>\n\n\n\n<p>No obstante, reconoci\u00f3 que no se logr\u00f3 articular de igual\nmodo con el gobierno de Paran\u00e1. \u201cNo todos tienen la misma mirada sobre d\u00f3nde concentrar\nla energ\u00eda\u201d, afirm\u00f3.<\/p>\n\n\n\n<p>M\u00e1s adelante, mencion\u00f3 que la cartera que dirige tambi\u00e9n se\nocupa de acompa\u00f1ar a los j\u00f3venes m\u00e1s vulnerables, aquellos que sufren\nadicciones. La droga y la violencia en las poblaciones de alto riesgo, dijo, la\nobservan a diario a trav\u00e9s del programa \u2018Cuidadores de la Casa Com\u00fan\u201d, que se\ninspira en la enc\u00edclica Laudatto S\u00ed, del Papa Francisco. \u201cEl programa apunta a\ntrabajar con j\u00f3venes vulnerables que los hemos acompa\u00f1ado en los procesos de rehabilitaci\u00f3n\u201d,\nasever\u00f3.<\/p>\n\n\n\n<p>Por \u00faltimo, consultada c\u00f3mo observa la causa de los\ncontratos truchos de la Legislatura, que ver\u00e1 de cerca una vez que asuma como\nvicegobernadora y presida el Senado provincial, respondi\u00f3: \u201cHay que dejar que\nla justicia haga su parte. Que pueda investigar. Tiene que d\u00e1rsele&nbsp; los elementos para que lo pueda hacer de un\nmodo transparente. Siempre tenemos la tarea de abrir las puertas del Estado, el\ngobierno, la Legislatura para poder construir un v\u00ednculo m\u00e1s sano con la sociedad\ny no estar m\u00e1s alejados\u201d.<\/p>\n\n\n\n<p>\u201cTenemos que estar abiertos a mostrar lo que hacemos. Soy\nuna defensora de que la pol\u00edtica no sea sin\u00f3nimo de mala palabra, que nos somos\ntodos iguales y no todos construimos de la misma forma. La justicia est\u00e1\nhaciendo su tarea y hay que dejar que se expida. En el caso que nos toque\ndaremos toda la informaci\u00f3n transparente y, tambi\u00e9n tenderemos que dar procesos\nde transparencia para que la pol\u00edtica pueda ser cre\u00edble y ser una herramienta\nde transformaci\u00f3n de la sociedad\u201d, concluy\u00f3.<\/p>\n","protected":false},"excerpt":{"rendered":"<p>La ministra de Desarrollo Social y vicegobernadora electa, Laura Stratta, considera que el tejido social est\u00e1 resquebrajado producto de las medidas econ\u00f3micas aplicadas por el Gobierno nacional La inflaci\u00f3n y la ca\u00edda de los salarios impactan con m\u00e1s fuerza en los sectores m\u00e1s vulnerables.&nbsp; Seg\u00fan la funcionaria provincial, el crecimiento de la demanda en los comedores es el rostro m\u00e1s directo de esa dura realidad. Para paliar esta situaci\u00f3n, se\u00f1al\u00f3 que desde el Gobierno provincial se impulsan pol\u00edticas p\u00fablicas que buscan generar contenci\u00f3n social. \u201cLa demanda ha crecido al calor&#8230;<\/p>\n","protected":false},"author":3,"featured_media":48392,"comment_status":"closed","ping_status":"closed","sticky":false,"template":"","format":"standard","meta":[],"categories":[9],"tags":[],"_links":{"self":[{"href":"https:\/\/www.actualidadadiario.com\/index.php\/wp-json\/wp\/v2\/posts\/48391"}],"collection":[{"href":"https:\/\/www.actualidadadiario.com\/index.php\/wp-json\/wp\/v2\/posts"}],"about":[{"href":"https:\/\/www.actualidadadiario.com\/index.php\/wp-json\/wp\/v2\/types\/post"}],"author":[{"embeddable":true,"href":"https:\/\/www.actualidadadiario.com\/index.php\/wp-json\/wp\/v2\/users\/3"}],"replies":[{"embeddable":true,"href":"https:\/\/www.actualidadadiario.com\/index.php\/wp-json\/wp\/v2\/comments?post=48391"}],"version-history":[{"count":1,"href":"https:\/\/www.actualidadadiario.com\/index.php\/wp-json\/wp\/v2\/posts\/48391\/revisions"}],"predecessor-version":[{"id":48393,"href":"https:\/\/www.actualidadadiario.com\/index.php\/wp-json\/wp\/v2\/posts\/48391\/revisions\/48393"}],"wp:featuredmedia":[{"embeddable":true,"href":"https:\/\/www.actualidadadiario.com\/index.php\/wp-json\/wp\/v2\/media\/48392"}],"wp:attachment":[{"href":"https:\/\/www.actualidadadiario.com\/index.php\/wp-json\/wp\/v2\/media?parent=48391"}],"wp:term":[{"taxonomy":"category","embeddable":true,"href":"https:\/\/www.actualidadadiario.com\/index.php\/wp-json\/wp\/v2\/categories?post=48391"},{"taxonomy":"post_tag","embeddable":true,"href":"https:\/\/www.actualidadadiario.com\/index.php\/wp-json\/wp\/v2\/tags?post=48391"}],"curies":[{"name":"wp","href":"https:\/\/api.w.org\/{rel}","templated":true}]}}