{"id":48385,"date":"2019-07-25T10:46:30","date_gmt":"2019-07-25T13:46:30","guid":{"rendered":"https:\/\/www.actualidadadiario.com\/?p=48385"},"modified":"2019-07-25T10:46:30","modified_gmt":"2019-07-25T13:46:30","slug":"el-senado-sanciono-el-proyecto-que-regula-las-contrataciones-de-alta-significacion-economica","status":"publish","type":"post","link":"https:\/\/www.actualidadadiario.com\/index.php\/2019\/07\/25\/el-senado-sanciono-el-proyecto-que-regula-las-contrataciones-de-alta-significacion-economica\/","title":{"rendered":"El Senado sancion\u00f3 el proyecto que regula las contrataciones de alta significaci\u00f3n econ\u00f3mica"},"content":{"rendered":"\n<p><strong><em>Los senadores dieron sanci\u00f3n definitiva al proyecto de ley que regula el procedimiento de contrataciones del Estado provincial, sus entes descentralizados, aut\u00e1rquicos y empresas estatales, siempre que las mismas revistan alta significaci\u00f3n econ\u00f3mica<\/em><\/strong><\/p>\n\n\n\n<p><\/p>\n\n\n\n<p><\/p>\n\n\n\n<p>La sesi\u00f3n, que arranc\u00f3 a las 19 y cont\u00f3 con la presencia de\ntodos los senadores, fue presidida por el vicepresidente primero del Cuerpo,\nAldo Ballestena.<\/p>\n\n\n\n<p>Los senadores volvieron a tratar, en segunda revisi\u00f3n, el\nproyecto de ley que regula el procedimiento de contrataciones del Estado\nprovincial, sus entes descentralizados, aut\u00e1rquicos y empresas estatales,\nsiempre que las mismas revistan alta significaci\u00f3n econ\u00f3mica.<\/p>\n\n\n\n<p>El texto -tratado por ambas C\u00e1maras- define que las\ncontrataciones de alta significaci\u00f3n econ\u00f3mica son todas aquellas licitaciones\np\u00fablicas cuyo presupuesto oficial supere en tres&nbsp; veces el monto tope ministerial establecido\npara efectuar las licitaciones p\u00fablicas comprendidas en el R\u00e9gimen de\ncontrataciones del Estado, y en 10 o 20 veces -seg\u00fan se trate de obras p\u00fablicas\nde arquitectura o de ingenier\u00eda.<\/p>\n\n\n\n<p>El senador Lucas Larrarte, del justicialismo, explic\u00f3 que\noportunamente se dio media sanci\u00f3n por unanimidad. Luego en Diputados se le\nhicieron modificaciones, que \u201clejos de alterar el alcance que le dimos, solo\nreafirmaron y aclararon aquello que pretendemos al regular este instituto\nconstitucional\u201d.<\/p>\n\n\n\n<p>Las modificaciones fueron aceptadas y aprobadas por unanimidad,\ncumpliendo as\u00ed con lo establecido por la Constituci\u00f3n entrerriana.<\/p>\n\n\n\n<p>El expediente pas\u00f3 ahora al Poder Ejecutivo para su\npromulgaci\u00f3n.<\/p>\n\n\n\n<p><strong>Proyecto del\nEjecutivo<\/strong><\/p>\n\n\n\n<p>Los senadores le dieron media sanci\u00f3n al proyecto del Poder\nEjecutivo que declara de utilidad p\u00fablica y sujetos a expropiaci\u00f3n inmuebles\nafectados por la obra \u201cAcceso a la localidad de Ingeniero Sajaroff, desde ruta\nnacional 130\u201d.<\/p>\n\n\n\n<p>El senador Mario Torres, de Villaguay, pidi\u00f3 el tratamiento\nsobre tablas y explic\u00f3 que se trat\u00f3 de una necesidad surgida luego de trabajos\nde medici\u00f3n realizados por la Direcci\u00f3n Provincial de Vialidad.<\/p>\n\n\n\n<p><strong>Obras en el Poder\nJudicial<\/strong><\/p>\n\n\n\n<p>Por pedido del senador Larrarte, se trat\u00f3 sobre tablas un\nproyecto de ley venido en revisi\u00f3n, cuyo autor es el diputado Gustavo Zavallo.<\/p>\n\n\n\n<p>Se trata de una modificatoria del presupuesto vigente,\nintroduciendo obras que permitir\u00e1n mejorar el servicio de Justicia en Entre\nR\u00edos.<\/p>\n\n\n\n<p>En tal sentido, se incorpora al plan de obras p\u00fablicas las\nprogramadas por el Poder Judicial para la construcci\u00f3n de los juzgados de Paz\nde las ciudades de Bovril, Viale y Santa Elena.&nbsp;\nLa iniciativa obtuvo apoyo un\u00e1nime y fue girada al Poder Ejecutivo para\nsu promulgaci\u00f3n.<\/p>\n\n\n\n<p><strong>Bosques Cultivados<\/strong><\/p>\n\n\n\n<p>Tambi\u00e9n se dio media sanci\u00f3n al proyecto de ley de los\nsenadores Giano y Torres por el que la Provincia adhiere a la Ley Nacional\n27.487 mediante la que se prorroga y reforma la Ley 25.080, denominada \u201cLey de\ninversiones para bosques cultivados\u201d.<\/p>\n\n\n\n<p>El senador de Concordia explic\u00f3 que se trata de impulsar el\ncultivo de bosques de importancia para Entre R\u00edos, que es la tercera productora\na nivel pa\u00eds y podr\u00eda acceder a beneficios concretos.<\/p>\n\n\n\n<p>Giano revel\u00f3 que se trata de un pedido del Poder Ejecutivo\nque apunta a mantener beneficios para los productores que se desempe\u00f1an en el\nsector.<\/p>\n\n\n\n<p>A\u00f1adi\u00f3 que se trata de continuar con lo que ha venido\nhaciendo la Provincia en la \u00faltima d\u00e9cada. \u201cPara poder tener beneficios debemos\nadherir a las modificaciones hechas por el Congreso de la Naci\u00f3n\u201d, explic\u00f3.<\/p>\n\n\n\n<p><strong>Homenaje a los pueblos\noriginarios en Entre R\u00edos<\/strong><\/p>\n\n\n\n<p>Tambi\u00e9n recibi\u00f3 media sanci\u00f3n el proyecto del senador Miguel\nPiana, de Federaci\u00f3n, por el que se designa con el nombre de \u201cPablo Areguat\u00ed\u201d a\nla ruta provincial 2, estrat\u00e9gica en las comunicaciones del norte entrerriano. <\/p>\n\n\n\n<p>El legislador explic\u00f3 que la idea naci\u00f3 de estudiantes\nsecundarios que participaron en 2017 del Senado Juvenil. Resalt\u00f3 la\nparticipaci\u00f3n y esfuerzo de los docentes y alumnos: \u201cEs una muestra de que este\nSenado tiene lugar para los j\u00f3venes, para aquellos proyectos que tienen una\nilusi\u00f3n que sus ideas sean tomados por el Senado\u201d, coment\u00f3.<\/p>\n\n\n\n<p>Areguat\u00ed, de origen Guaran\u00ed, fue un destacado protagonista\ndel proyecto independentista en nuestra regi\u00f3n y por decisi\u00f3n de Manuel\nBelgrano fue el primer alcalde de Mandisov\u00ed. \u201cEs un modo de rescatar los pueblos\noriginarios\u201d, fundament\u00f3.<\/p>\n\n\n\n<p>Despu\u00e9s el Senado ratific\u00f3 la vigencia de la declaraci\u00f3n de\nutilidad p\u00fablica dispuesta por Ley 10.289 de los inmuebles afectados por la obra\n\u201cRuta provincial 19\u201d, en el tramo que une la localidad de Urdinarrain y la ruta\nprovincial 6.<\/p>\n\n\n\n<p><strong>Pedido de informes<\/strong><\/p>\n\n\n\n<p>Se present\u00f3 en la sesi\u00f3n y fue girado al Poder Ejecutivo un\npedido de informe para que se respondan distintos puntos sobre el convenio de\ntransacci\u00f3n en autos \u201cNumpaya Sau\/l\u00edneas a\u00e9reas de Entre R\u00edos S.E. y otro\u201d autorizado\npor decreto n\u00ba 4328\/18.<\/p>\n","protected":false},"excerpt":{"rendered":"<p>Los senadores dieron sanci\u00f3n definitiva al proyecto de ley que regula el procedimiento de contrataciones del Estado provincial, sus entes descentralizados, aut\u00e1rquicos y empresas estatales, siempre que las mismas revistan alta significaci\u00f3n econ\u00f3mica La sesi\u00f3n, que arranc\u00f3 a las 19 y cont\u00f3 con la presencia de todos los senadores, fue presidida por el vicepresidente primero del Cuerpo, Aldo Ballestena. Los senadores volvieron a tratar, en segunda revisi\u00f3n, el proyecto de ley que regula el procedimiento de contrataciones del Estado provincial, sus entes descentralizados, aut\u00e1rquicos y empresas estatales, siempre que las&#8230;<\/p>\n","protected":false},"author":3,"featured_media":48386,"comment_status":"closed","ping_status":"closed","sticky":false,"template":"","format":"standard","meta":[],"categories":[15],"tags":[],"_links":{"self":[{"href":"https:\/\/www.actualidadadiario.com\/index.php\/wp-json\/wp\/v2\/posts\/48385"}],"collection":[{"href":"https:\/\/www.actualidadadiario.com\/index.php\/wp-json\/wp\/v2\/posts"}],"about":[{"href":"https:\/\/www.actualidadadiario.com\/index.php\/wp-json\/wp\/v2\/types\/post"}],"author":[{"embeddable":true,"href":"https:\/\/www.actualidadadiario.com\/index.php\/wp-json\/wp\/v2\/users\/3"}],"replies":[{"embeddable":true,"href":"https:\/\/www.actualidadadiario.com\/index.php\/wp-json\/wp\/v2\/comments?post=48385"}],"version-history":[{"count":1,"href":"https:\/\/www.actualidadadiario.com\/index.php\/wp-json\/wp\/v2\/posts\/48385\/revisions"}],"predecessor-version":[{"id":48387,"href":"https:\/\/www.actualidadadiario.com\/index.php\/wp-json\/wp\/v2\/posts\/48385\/revisions\/48387"}],"wp:featuredmedia":[{"embeddable":true,"href":"https:\/\/www.actualidadadiario.com\/index.php\/wp-json\/wp\/v2\/media\/48386"}],"wp:attachment":[{"href":"https:\/\/www.actualidadadiario.com\/index.php\/wp-json\/wp\/v2\/media?parent=48385"}],"wp:term":[{"taxonomy":"category","embeddable":true,"href":"https:\/\/www.actualidadadiario.com\/index.php\/wp-json\/wp\/v2\/categories?post=48385"},{"taxonomy":"post_tag","embeddable":true,"href":"https:\/\/www.actualidadadiario.com\/index.php\/wp-json\/wp\/v2\/tags?post=48385"}],"curies":[{"name":"wp","href":"https:\/\/api.w.org\/{rel}","templated":true}]}}